{"id":2611,"date":"2021-12-07T07:01:45","date_gmt":"2021-12-07T07:01:45","guid":{"rendered":"https:\/\/diferenciario.com\/br\/altura-e-profundidade\/"},"modified":"2021-12-07T07:01:45","modified_gmt":"2021-12-07T07:01:45","slug":"altura-e-profundidade","status":"publish","type":"post","link":"https:\/\/diferenciario.com\/br\/altura-e-profundidade\/","title":{"rendered":"Diferen\u00e7a entre altura e profundidade"},"content":{"rendered":"<p><img loading=\"lazy\" decoding=\"async\" class=\"aligncenter size-full wp-image-2581\" src=\"https:\/\/diferenciario.com\/br\/wp-content\/uploads\/altura-e-profundidade.webp\" alt=\"Diferen\u00e7a entre altura e profundidade\" width=\"650\" height=\"450\" \/><\/p>\n<div>\n<h2>Principal diferen\u00e7a<\/h2>\n<p>A altura \u00e9 delineada como resultado da medi\u00e7\u00e3o de uma pessoa ou problema da cabe\u00e7a aos p\u00e9s ou de baixo para melhor. Por outro lado, a profundidade \u00e9 delineada como resultado da medi\u00e7\u00e3o de 1 fator do melhor para o fundo, enquanto o di\u00e2metro exato permanece o equivalente.<\/p>\n<h2>Quadro comparativo<\/h2>\n<section style=\"width:100%;overflow-x:auto;overflow-y:hidden;\">\n<table>\n<tbody>\n<tr>\n<td><strong>Base<\/strong><\/td>\n<td><strong>Altura<\/strong><\/td>\n<td><strong>Profundidade<\/strong><\/td>\n<\/tr>\n<tr>\n<td><strong>Defini\u00e7\u00e3o<\/strong><\/td>\n<td>A medida de uma pessoa ou mat\u00e9ria da cabe\u00e7a aos p\u00e9s ou do fundo ao melhor.<\/td>\n<td>A medi\u00e7\u00e3o de 1 fator do melhor para o fundo, enquanto o di\u00e2metro exato permanece o equivalente.<\/td>\n<\/tr>\n<tr>\n<td><strong>Dire\u00e7\u00e3o<\/strong><\/td>\n<td>Vai de cima para baixo ou de baixo para cima atrav\u00e9s do deslocamento vertical.<\/td>\n<td>N\u00e3o teria uma rota definida e ataques da melhor camada at\u00e9 a base.<\/td>\n<\/tr>\n<tr>\n<td><strong>N\u00f3<\/strong><\/td>\n<td>O pico do n\u00f3 \u00e9 o n\u00famero de arestas do caminho mais longo do n\u00f3 at\u00e9 a folha.<\/td>\n<td>A profundidade se torna o n\u00famero de arestas do n\u00f3 at\u00e9 a raiz do n\u00f3 da \u00e1rvore.<\/td>\n<\/tr>\n<tr>\n<td><strong>Formul\u00e1rios<\/strong><\/td>\n<td>Espa\u00e7o, avia\u00e7\u00e3o e marinha.<\/td>\n<td>Engenharia, f\u00edsica e hidromec\u00e2nica.<\/td>\n<\/tr>\n<\/tbody>\n<\/table>\n<\/section>\n<h2>O que \u00e9 altura?<\/h2>\n<p>A altura ser\u00e1 delineada como resultado da medi\u00e7\u00e3o de uma pessoa ou problema da cabe\u00e7a aos p\u00e9s ou de baixo para melhor. O intervalo de tempo ser\u00e1 muito usado sempre que tivermos que encontrar as dimens\u00f5es de um objeto ou a altura de uma pessoa. Em grande parte, vai do melhor caminho para a subida ou vice-versa e de forma alguma ao longo das linhas laterais. Altura \u00e9 a medida da separa\u00e7\u00e3o vertical, cada um de qu\u00e3o \u00abalto\u00bb \u00e9 um fator, ou qu\u00e3o \u00abalto\u00bb ele \u00e9. O pico humano \u00e9 um atributo quantitativo ou m\u00e9trico, ou seja, uma marca que se mede em quantidade e ser\u00e1 gerida por diferentes qualidades e vari\u00e1veis \u200b\u200bambientais. Muitas opini\u00f5es avaliaram a hereditariedade da altura humana. Regularmente, essas opini\u00f5es resolvem a herdabilidade avaliando o grau de semelhan\u00e7a entre parentes. Pode-se isolar o afeto heredit\u00e1rio dos impactos ecol\u00f3gicos pela similaridade ancestral equivalente entre parentes com sua comparabilidade em altura. Para quantificar com precis\u00e3o qu\u00e3o hereditariamente compar\u00e1veis \u200b\u200bpai e m\u00e3e s\u00e3o, alguns marcadores gen\u00e9ticos que eles compartilham podem ser medidos. Na moda dom\u00e9stica b\u00e1sica, a altura pode ser a terceira medida, sendo as outras duas dimens\u00f5es e largura. A estatura \u00e9 incomum no plano formado pelas dimens\u00f5es e largura. A altura tamb\u00e9m ser\u00e1 usada como um estado para algumas defini\u00e7\u00f5es de distin\u00e7\u00e3o adicionais. Estes incorporam a eleva\u00e7\u00e3o de um tri\u00e2ngulo, que \u00e9 a dist\u00e2ncia do v\u00e9rtice de um tri\u00e2ngulo ao fairway formado pela face de escolha. Em uma longa \u00e1rvore,<\/p>\n<h2>O que \u00e9 profundidade?<\/h2>\n<p>A profundidade ser\u00e1 delineada como resultado da medi\u00e7\u00e3o de 1 fator do melhor para o fundo, enquanto o di\u00e2metro exato permanece o equivalente. O intervalo de tempo se acostumar\u00e1 em grande parte a determinar a profundidade de um fator, mais bonito do que a altura de suas dimens\u00f5es. Tamb\u00e9m tem um uso diferenciado de pontos que est\u00e3o relacionados \u00e0 sofistica\u00e7\u00e3o de uma pessoa com rela\u00e7\u00e3o aos seus conceitos. Identificamos a medida de um objeto esf\u00e9rico bidimensional em seu espa\u00e7o. Da mesma forma, podemos calibrar as dimens\u00f5es da proibi\u00e7\u00e3o da proje\u00e7\u00e3o bidimensional, os trechos da rua ou as curvas que as paredes. A dimens\u00e3o da proibi\u00e7\u00e3o de jun\u00e7\u00e3o \u00e9 conhecida como borda ou limite. Regularmente truncado como \u00abD\u00bb, profundidade \u00e9 uma estimativa de qu\u00e3o longe uma profundidade tridimensional est\u00e1 mais uma vez. Para o evento, ao longo do limite de 1 faceta, o eixo Z pode ser um retrato de profundidade. Um medidor de profundidade \u00e9 um medidor de peso que revela nitidez compar\u00e1vel na \u00e1gua. Um saltador faz uso de um medidor de profundidade com tabelas de descompress\u00e3o e um rel\u00f3gio para manter uma dist\u00e2ncia estrat\u00e9gica da doen\u00e7a descompressiva. Uma op\u00e7\u00e3o tradicional completamente diferente das tabelas de medi\u00e7\u00e3o de profundidade, rel\u00f3gio e descompress\u00e3o \u00e9 um PC de salto. Na chance de que o ret\u00e2ngulo seja desenhado com lados pares e verticais, as pessoas repetidamente aproveitam a frase estatura para representar o qu\u00e3o extremo (qual \u00e9 a altura) do setor. Ent\u00e3o, \u00e9 esplendidamente correto descrever a largura do setor para frente e para tr\u00e1s usando a express\u00e3o profundidade. Um saltador faz uso de um medidor de profundidade com tabelas de descompress\u00e3o e um rel\u00f3gio para manter uma dist\u00e2ncia estrat\u00e9gica da doen\u00e7a descompressiva. Uma op\u00e7\u00e3o tradicional completamente diferente das tabelas de medi\u00e7\u00e3o de profundidade, rel\u00f3gio e descompress\u00e3o \u00e9 um PC de salto. Na chance de que o ret\u00e2ngulo seja desenhado com lados iguais e verticais, as pessoas repetidamente aproveitam a frase estatura para representar o qu\u00e3o extremo (qual \u00e9 a altura) do setor. Portanto, \u00e9 esplendidamente correto descrever a largura do setor para frente e para tr\u00e1s usando a express\u00e3o profundidade. Um saltador faz uso de um medidor de profundidade com tabelas de descompress\u00e3o e um rel\u00f3gio para manter uma dist\u00e2ncia estrat\u00e9gica da doen\u00e7a descompressiva. Uma op\u00e7\u00e3o tradicional completamente diferente das tabelas de medi\u00e7\u00e3o de profundidade, rel\u00f3gio e descompress\u00e3o \u00e9 um PC de salto. Na chance de que o ret\u00e2ngulo seja desenhado com lados pares e verticais, as pessoas repetidamente aproveitam a frase estatura para representar o qu\u00e3o extremo (qual \u00e9 a altura) do setor. Portanto, \u00e9 esplendidamente correto descrever a largura do setor para frente e para tr\u00e1s usando a express\u00e3o profundidade. as pessoas recorrentemente tiram proveito da frase estatura para descrever o qu\u00e3o extremo (qual \u00e9 a altura) do setor. Ent\u00e3o, \u00e9 esplendidamente correto descrever a largura do setor para frente e para tr\u00e1s usando a express\u00e3o profundidade. as pessoas recorrentemente tiram proveito da frase estatura para descrever o qu\u00e3o extremo (qual \u00e9 a altura) do setor. Portanto, \u00e9 esplendidamente correto descrever a largura do setor para frente e para tr\u00e1s usando a express\u00e3o profundidade.<\/p>\n<h2>Principais diferen\u00e7as<\/h2>\n<ol>\n<li>A altura ser\u00e1 delineada como resultado da medi\u00e7\u00e3o de uma pessoa ou problema da cabe\u00e7a aos p\u00e9s ou de baixo para melhor. Por outro lado, a profundidade ser\u00e1 descrita como as dimens\u00f5es de 1 fator de cima para baixo, enquanto o di\u00e2metro exato permanece o equivalente.<\/li>\n<li>A altura s\u00f3 vai de cima para baixo ou de baixo para cima ao longo do curso vertical. Por outro lado, a profundidade n\u00e3o teria um caminho espec\u00edfico e atingiria da melhor camada em dire\u00e7\u00e3o ao fundo.<\/li>\n<li>Para um n\u00f3, a profundidade se torna o n\u00famero de arestas do n\u00f3 at\u00e9 a raiz do n\u00f3 da \u00e1rvore. Por outro lado, a altura do n\u00f3 \u00e9 o n\u00famero de arestas do caminho mais longo do n\u00f3 at\u00e9 a folha.<\/li>\n<li>De acordo com algumas teorias, a profundidade ser\u00e1 medida regularmente ao longo do caminho descendente, enquanto o pico ser\u00e1 medido regularmente ao longo do caminho ascendente.<\/li>\n<li>Como intervalo de tempo, a profundidade ser\u00e1 usada em engenharia, f\u00edsica e hidromec\u00e2nica. Por outro lado, o pico ser\u00e1 muito usado em programas de software de avia\u00e7\u00e3o e mar\u00edtimos.<\/li>\n<li>Para medir a profundidade, v\u00e1rios componentes s\u00e3o levados em considera\u00e7\u00e3o, como espessura e pico, alternativamente, o pico foi simplesmente nominal de um grau para outro.<\/li>\n<\/ol>\n<div style=\"text-align:center;margin:0px 0px 15px 0px;\"><\/div>\n<\/div>\n","protected":false},"excerpt":{"rendered":"<p>Principal diferen\u00e7a A altura \u00e9 delineada como resultado da medi\u00e7\u00e3o de uma pessoa ou problema da cabe\u00e7a aos p\u00e9s ou de baixo para melhor. Por outro lado, a profundidade \u00e9 delineada como resultado da medi\u00e7\u00e3o de 1 fator do melhor para o fundo, enquanto o di\u00e2metro exato permanece o equivalente. Quadro comparativo Base Altura Profundidade &#8230; <a title=\"Diferen\u00e7a entre altura e profundidade\" class=\"read-more\" href=\"https:\/\/diferenciario.com\/br\/altura-e-profundidade\/\" aria-label=\"M\u00e1s en Diferen\u00e7a entre altura e profundidade\">Leia mais<\/a><\/p>\n","protected":false},"author":1,"featured_media":0,"comment_status":"closed","ping_status":"closed","sticky":false,"template":"","format":"standard","meta":{"footnotes":""},"categories":[6],"tags":[229,230],"class_list":["post-2611","post","type-post","status-publish","format-standard","hentry","category-educacao","tag-altura","tag-profundidade","no-featured-image-padding"],"yoast_head":"<!-- This site is optimized with the Yoast SEO plugin v19.13 - https:\/\/yoast.com\/wordpress\/plugins\/seo\/ -->\n<title>Diferen\u00e7a entre altura e profundidade<\/title>\n<meta name=\"description\" content=\"lll\u27a4 Principal diferen\u00e7a A altura \u00e9 delineada como resultado da medi\u00e7\u00e3o de uma pessoa ou problema da cabe\u00e7a aos p\u00e9s ou de baixo para melhor. Por outro lado, a\" \/>\n<meta name=\"robots\" content=\"index, follow, max-snippet:-1, max-image-preview:large, max-video-preview:-1\" \/>\n<link rel=\"canonical\" href=\"https:\/\/diferenciario.com\/br\/altura-e-profundidade\/\" \/>\n<meta property=\"og:locale\" content=\"es_ES\" \/>\n<meta property=\"og:type\" content=\"article\" \/>\n<meta property=\"og:title\" content=\"Diferen\u00e7a entre altura e profundidade\" \/>\n<meta property=\"og:description\" content=\"lll\u27a4 Principal diferen\u00e7a A altura \u00e9 delineada como resultado da medi\u00e7\u00e3o de uma pessoa ou problema da cabe\u00e7a aos p\u00e9s ou de baixo para melhor. Por outro lado, a\" \/>\n<meta property=\"og:url\" content=\"https:\/\/diferenciario.com\/br\/altura-e-profundidade\/\" \/>\n<meta property=\"og:site_name\" content=\"Diferenciario br\" \/>\n<meta property=\"article:published_time\" content=\"2021-12-07T07:01:45+00:00\" \/>\n<meta property=\"og:image\" content=\"https:\/\/diferenciario.com\/br\/wp-content\/uploads\/altura-e-profundidade.webp\" \/>\n<meta name=\"author\" content=\"javiervazquez_5mia2u1h\" \/>\n<meta name=\"twitter:card\" content=\"summary_large_image\" \/>\n<script type=\"application\/ld+json\" class=\"yoast-schema-graph\">{\"@context\":\"https:\/\/schema.org\",\"@graph\":[{\"@type\":\"Article\",\"@id\":\"https:\/\/diferenciario.com\/br\/altura-e-profundidade\/#article\",\"isPartOf\":{\"@id\":\"https:\/\/diferenciario.com\/br\/altura-e-profundidade\/\"},\"author\":{\"name\":\"javiervazquez_5mia2u1h\",\"@id\":\"https:\/\/diferenciario.com\/br\/#\/schema\/person\/56d044ad3bc3481dd45252b40b46ac75\"},\"headline\":\"Diferen\u00e7a entre altura e profundidade\",\"datePublished\":\"2021-12-07T07:01:45+00:00\",\"dateModified\":\"2021-12-07T07:01:45+00:00\",\"mainEntityOfPage\":{\"@id\":\"https:\/\/diferenciario.com\/br\/altura-e-profundidade\/\"},\"wordCount\":1242,\"publisher\":{\"@id\":\"https:\/\/diferenciario.com\/br\/#organization\"},\"keywords\":[\"Altura\",\"Profundidade\"],\"articleSection\":[\"Educa\u00e7\u00e3o\"],\"inLanguage\":\"es\"},{\"@type\":\"WebPage\",\"@id\":\"https:\/\/diferenciario.com\/br\/altura-e-profundidade\/\",\"url\":\"https:\/\/diferenciario.com\/br\/altura-e-profundidade\/\",\"name\":\"Diferen\u00e7a entre altura e profundidade\",\"isPartOf\":{\"@id\":\"https:\/\/diferenciario.com\/br\/#website\"},\"datePublished\":\"2021-12-07T07:01:45+00:00\",\"dateModified\":\"2021-12-07T07:01:45+00:00\",\"description\":\"lll\u27a4 Principal diferen\u00e7a A altura \u00e9 delineada como resultado da medi\u00e7\u00e3o de uma pessoa ou problema da cabe\u00e7a aos p\u00e9s ou de baixo para melhor. Por outro lado, a\",\"breadcrumb\":{\"@id\":\"https:\/\/diferenciario.com\/br\/altura-e-profundidade\/#breadcrumb\"},\"inLanguage\":\"es\",\"potentialAction\":[{\"@type\":\"ReadAction\",\"target\":[\"https:\/\/diferenciario.com\/br\/altura-e-profundidade\/\"]}]},{\"@type\":\"BreadcrumbList\",\"@id\":\"https:\/\/diferenciario.com\/br\/altura-e-profundidade\/#breadcrumb\",\"itemListElement\":[{\"@type\":\"ListItem\",\"position\":1,\"name\":\"Home\",\"item\":\"https:\/\/diferenciario.com\/br\/\"},{\"@type\":\"ListItem\",\"position\":2,\"name\":\"Diferen\u00e7a entre altura e profundidade\"}]},{\"@type\":\"WebSite\",\"@id\":\"https:\/\/diferenciario.com\/br\/#website\",\"url\":\"https:\/\/diferenciario.com\/br\/\",\"name\":\"Diferenciario br\",\"description\":\"\",\"publisher\":{\"@id\":\"https:\/\/diferenciario.com\/br\/#organization\"},\"potentialAction\":[{\"@type\":\"SearchAction\",\"target\":{\"@type\":\"EntryPoint\",\"urlTemplate\":\"https:\/\/diferenciario.com\/br\/?s={search_term_string}\"},\"query-input\":\"required name=search_term_string\"}],\"inLanguage\":\"es\"},{\"@type\":\"Organization\",\"@id\":\"https:\/\/diferenciario.com\/br\/#organization\",\"name\":\"Diferenciario br\",\"url\":\"https:\/\/diferenciario.com\/br\/\",\"logo\":{\"@type\":\"ImageObject\",\"inLanguage\":\"es\",\"@id\":\"https:\/\/diferenciario.com\/br\/#\/schema\/logo\/image\/\",\"url\":\"https:\/\/diferenciario.com\/br\/wp-content\/uploads\/logo-diferenciario-brazil.webp\",\"contentUrl\":\"https:\/\/diferenciario.com\/br\/wp-content\/uploads\/logo-diferenciario-brazil.webp\",\"width\":225,\"height\":33,\"caption\":\"Diferenciario br\"},\"image\":{\"@id\":\"https:\/\/diferenciario.com\/br\/#\/schema\/logo\/image\/\"}},{\"@type\":\"Person\",\"@id\":\"https:\/\/diferenciario.com\/br\/#\/schema\/person\/56d044ad3bc3481dd45252b40b46ac75\",\"name\":\"javiervazquez_5mia2u1h\",\"image\":{\"@type\":\"ImageObject\",\"inLanguage\":\"es\",\"@id\":\"https:\/\/diferenciario.com\/br\/#\/schema\/person\/image\/\",\"url\":\"https:\/\/secure.gravatar.com\/avatar\/8826c6e0d313911ff94b887c5c66bafcf74cfe0a1f0c1fcd76cc1a5400186f2e?s=96&d=mm&r=g\",\"contentUrl\":\"https:\/\/secure.gravatar.com\/avatar\/8826c6e0d313911ff94b887c5c66bafcf74cfe0a1f0c1fcd76cc1a5400186f2e?s=96&d=mm&r=g\",\"caption\":\"javiervazquez_5mia2u1h\"},\"sameAs\":[\"https:\/\/diferenciario.com\/br\"]}]}<\/script>\n<!-- \/ Yoast SEO plugin. -->","yoast_head_json":{"title":"Diferen\u00e7a entre altura e profundidade","description":"lll\u27a4 Principal diferen\u00e7a A altura \u00e9 delineada como resultado da medi\u00e7\u00e3o de uma pessoa ou problema da cabe\u00e7a aos p\u00e9s ou de baixo para melhor. Por outro lado, a","robots":{"index":"index","follow":"follow","max-snippet":"max-snippet:-1","max-image-preview":"max-image-preview:large","max-video-preview":"max-video-preview:-1"},"canonical":"https:\/\/diferenciario.com\/br\/altura-e-profundidade\/","og_locale":"es_ES","og_type":"article","og_title":"Diferen\u00e7a entre altura e profundidade","og_description":"lll\u27a4 Principal diferen\u00e7a A altura \u00e9 delineada como resultado da medi\u00e7\u00e3o de uma pessoa ou problema da cabe\u00e7a aos p\u00e9s ou de baixo para melhor. Por outro lado, a","og_url":"https:\/\/diferenciario.com\/br\/altura-e-profundidade\/","og_site_name":"Diferenciario br","article_published_time":"2021-12-07T07:01:45+00:00","og_image":[{"url":"https:\/\/diferenciario.com\/br\/wp-content\/uploads\/altura-e-profundidade.webp"}],"author":"javiervazquez_5mia2u1h","twitter_card":"summary_large_image","schema":{"@context":"https:\/\/schema.org","@graph":[{"@type":"Article","@id":"https:\/\/diferenciario.com\/br\/altura-e-profundidade\/#article","isPartOf":{"@id":"https:\/\/diferenciario.com\/br\/altura-e-profundidade\/"},"author":{"name":"javiervazquez_5mia2u1h","@id":"https:\/\/diferenciario.com\/br\/#\/schema\/person\/56d044ad3bc3481dd45252b40b46ac75"},"headline":"Diferen\u00e7a entre altura e profundidade","datePublished":"2021-12-07T07:01:45+00:00","dateModified":"2021-12-07T07:01:45+00:00","mainEntityOfPage":{"@id":"https:\/\/diferenciario.com\/br\/altura-e-profundidade\/"},"wordCount":1242,"publisher":{"@id":"https:\/\/diferenciario.com\/br\/#organization"},"keywords":["Altura","Profundidade"],"articleSection":["Educa\u00e7\u00e3o"],"inLanguage":"es"},{"@type":"WebPage","@id":"https:\/\/diferenciario.com\/br\/altura-e-profundidade\/","url":"https:\/\/diferenciario.com\/br\/altura-e-profundidade\/","name":"Diferen\u00e7a entre altura e profundidade","isPartOf":{"@id":"https:\/\/diferenciario.com\/br\/#website"},"datePublished":"2021-12-07T07:01:45+00:00","dateModified":"2021-12-07T07:01:45+00:00","description":"lll\u27a4 Principal diferen\u00e7a A altura \u00e9 delineada como resultado da medi\u00e7\u00e3o de uma pessoa ou problema da cabe\u00e7a aos p\u00e9s ou de baixo para melhor. Por outro lado, a","breadcrumb":{"@id":"https:\/\/diferenciario.com\/br\/altura-e-profundidade\/#breadcrumb"},"inLanguage":"es","potentialAction":[{"@type":"ReadAction","target":["https:\/\/diferenciario.com\/br\/altura-e-profundidade\/"]}]},{"@type":"BreadcrumbList","@id":"https:\/\/diferenciario.com\/br\/altura-e-profundidade\/#breadcrumb","itemListElement":[{"@type":"ListItem","position":1,"name":"Home","item":"https:\/\/diferenciario.com\/br\/"},{"@type":"ListItem","position":2,"name":"Diferen\u00e7a entre altura e profundidade"}]},{"@type":"WebSite","@id":"https:\/\/diferenciario.com\/br\/#website","url":"https:\/\/diferenciario.com\/br\/","name":"Diferenciario br","description":"","publisher":{"@id":"https:\/\/diferenciario.com\/br\/#organization"},"potentialAction":[{"@type":"SearchAction","target":{"@type":"EntryPoint","urlTemplate":"https:\/\/diferenciario.com\/br\/?s={search_term_string}"},"query-input":"required name=search_term_string"}],"inLanguage":"es"},{"@type":"Organization","@id":"https:\/\/diferenciario.com\/br\/#organization","name":"Diferenciario br","url":"https:\/\/diferenciario.com\/br\/","logo":{"@type":"ImageObject","inLanguage":"es","@id":"https:\/\/diferenciario.com\/br\/#\/schema\/logo\/image\/","url":"https:\/\/diferenciario.com\/br\/wp-content\/uploads\/logo-diferenciario-brazil.webp","contentUrl":"https:\/\/diferenciario.com\/br\/wp-content\/uploads\/logo-diferenciario-brazil.webp","width":225,"height":33,"caption":"Diferenciario br"},"image":{"@id":"https:\/\/diferenciario.com\/br\/#\/schema\/logo\/image\/"}},{"@type":"Person","@id":"https:\/\/diferenciario.com\/br\/#\/schema\/person\/56d044ad3bc3481dd45252b40b46ac75","name":"javiervazquez_5mia2u1h","image":{"@type":"ImageObject","inLanguage":"es","@id":"https:\/\/diferenciario.com\/br\/#\/schema\/person\/image\/","url":"https:\/\/secure.gravatar.com\/avatar\/8826c6e0d313911ff94b887c5c66bafcf74cfe0a1f0c1fcd76cc1a5400186f2e?s=96&d=mm&r=g","contentUrl":"https:\/\/secure.gravatar.com\/avatar\/8826c6e0d313911ff94b887c5c66bafcf74cfe0a1f0c1fcd76cc1a5400186f2e?s=96&d=mm&r=g","caption":"javiervazquez_5mia2u1h"},"sameAs":["https:\/\/diferenciario.com\/br"]}]}},"_links":{"self":[{"href":"https:\/\/diferenciario.com\/br\/wp-json\/wp\/v2\/posts\/2611","targetHints":{"allow":["GET"]}}],"collection":[{"href":"https:\/\/diferenciario.com\/br\/wp-json\/wp\/v2\/posts"}],"about":[{"href":"https:\/\/diferenciario.com\/br\/wp-json\/wp\/v2\/types\/post"}],"author":[{"embeddable":true,"href":"https:\/\/diferenciario.com\/br\/wp-json\/wp\/v2\/users\/1"}],"replies":[{"embeddable":true,"href":"https:\/\/diferenciario.com\/br\/wp-json\/wp\/v2\/comments?post=2611"}],"version-history":[{"count":0,"href":"https:\/\/diferenciario.com\/br\/wp-json\/wp\/v2\/posts\/2611\/revisions"}],"wp:attachment":[{"href":"https:\/\/diferenciario.com\/br\/wp-json\/wp\/v2\/media?parent=2611"}],"wp:term":[{"taxonomy":"category","embeddable":true,"href":"https:\/\/diferenciario.com\/br\/wp-json\/wp\/v2\/categories?post=2611"},{"taxonomy":"post_tag","embeddable":true,"href":"https:\/\/diferenciario.com\/br\/wp-json\/wp\/v2\/tags?post=2611"}],"curies":[{"name":"wp","href":"https:\/\/api.w.org\/{rel}","templated":true}]}}