{"id":2623,"date":"2021-11-15T22:20:51","date_gmt":"2021-11-15T22:20:51","guid":{"rendered":"https:\/\/diferenciario.com\/br\/amina-e-amida\/"},"modified":"2021-11-15T22:20:51","modified_gmt":"2021-11-15T22:20:51","slug":"amina-e-amida","status":"publish","type":"post","link":"https:\/\/diferenciario.com\/br\/amina-e-amida\/","title":{"rendered":"Diferen\u00e7a entre amina e amida"},"content":{"rendered":"<p><img loading=\"lazy\" decoding=\"async\" class=\"aligncenter size-full wp-image-2581\" src=\"https:\/\/diferenciario.com\/br\/wp-content\/uploads\/amina-e-amida.webp\" alt=\"Diferen\u00e7a entre amina e amida\" width=\"650\" height=\"450\" \/><\/p>\n<div>\n<h2>Principal diferen\u00e7a<\/h2>\n<p>A principal diferen\u00e7a entre amina e amida \u00e9 que as aminas s\u00e3o derivados da am\u00f4nia que possuem um grupo alquil ou aril em sua estrutura, enquanto as amidas s\u00e3o derivados de \u00e1cidos carbox\u00edlicos que cont\u00eam um grupo carbonila ligado a um \u00e1tomo de nitrog\u00eanio em sua estrutura. ..<\/p>\n<h2>Amina vs. Amida<\/h2>\n<p>As aminas s\u00e3o derivadas da am\u00f4nia, ou seja, s\u00e3o derivadas da am\u00f4nia, que s\u00e3o formadas pela substitui\u00e7\u00e3o de um ou mais \u00e1tomos de hidrog\u00eanio por grupos alquil ou aril, enquanto as amidas n\u00e3o s\u00e3o derivadas da am\u00f4nia, mas sim derivadas de um \u00e1cido carbox\u00edlico. As aminas compreendem uma estrutura contendo carbono, hidrog\u00eanio e nitrog\u00eanio como elementos principais; no entanto, as amidas compreendem carbono, hidrog\u00eanio, nitrog\u00eanio e oxig\u00eanio.<\/p>\n<p>As aminas n\u00e3o cont\u00eam um grupo carbonila em sua estrutura; no entanto, as amidas t\u00eam um grupo carbonilo ligado a azoto. As aminas agem de forma mais b\u00e1sica quando submetidas a um teste de fogo; entretanto, as amidas agem de forma mais \u00e1cida e possuem pH mais baixo. Aminas devido \u00e0 sua estrutura compreendendo nitrog\u00eanio ligado a grupos alquila s\u00e3o mais sol\u00faveis em \u00e1gua; por outro lado, as amidas s\u00e3o menos sol\u00faveis em \u00e1gua, pois sua estrutura compreende o grupo carbonila em sua estrutura.<\/p>\n<p>As aminas t\u00eam pontos de ebuli\u00e7\u00e3o mais baixos, mas as amidas t\u00eam pontos de ebuli\u00e7\u00e3o mais altos. As aminas com menor peso molecular s\u00e3o geralmente l\u00edquidas \u00e0 temperatura ambiente devido aos seus pontos de ebuli\u00e7\u00e3o baixos, enquanto as amidas com pontos de ebuli\u00e7\u00e3o mais elevados s\u00e3o s\u00f3lidas \u00e0 temperatura ambiente devido \u00e0s fortes liga\u00e7\u00f5es de hidrog\u00eanio.<\/p>\n<h2>Quadro comparativo<\/h2>\n<section style=\"width:100%;overflow-x:auto;overflow-y:hidden;\">\n<table>\n<tbody>\n<tr>\n<td><strong>Amina<\/strong><\/td>\n<td><strong>Amida<\/strong><\/td>\n<\/tr>\n<tr>\n<td>As aminas s\u00e3o derivados de am\u00f4nia com pelo menos um grupo alquil ou aril.<\/td>\n<td>As amidas s\u00e3o derivados de um \u00e1cido carbox\u00edlico com um grupo carbonila ligado a um \u00e1tomo de nitrog\u00eanio.<\/td>\n<\/tr>\n<tr>\n<td colspan=\"2\"><strong>Grupo funcional<\/strong><\/td>\n<\/tr>\n<tr>\n<td>O grupo alquil ou aril<\/td>\n<td>grupo carbonila<\/td>\n<\/tr>\n<tr>\n<td colspan=\"2\"><strong>pH<\/strong><\/td>\n<\/tr>\n<tr>\n<td>As aminas s\u00e3o b\u00e1sicas, portanto apresentam um pH alto.<\/td>\n<td>As amidas s\u00e3o \u00e1cidas, por isso apresentam valores de pH baixos.<\/td>\n<\/tr>\n<tr>\n<td colspan=\"2\"><strong>pontos de ebuli\u00e7\u00e3o<\/strong><\/td>\n<\/tr>\n<tr>\n<td>Pontos de ebuli\u00e7\u00e3o mais baixos.<\/td>\n<td>pontos de ebuli\u00e7\u00e3o mais elevados.<\/td>\n<\/tr>\n<tr>\n<td colspan=\"2\"><strong>Solubilidade<\/strong><\/td>\n<\/tr>\n<tr>\n<td>mais sol\u00favel<\/td>\n<td>menos sol\u00favel<\/td>\n<\/tr>\n<tr>\n<td colspan=\"2\"><strong>Composi\u00e7\u00e3o<\/strong><\/td>\n<\/tr>\n<tr>\n<td>Consiste em \u00e1tomos de C, H, N<\/td>\n<td>Consiste em \u00e1tomos de C, H, O e N<\/td>\n<\/tr>\n<tr>\n<td colspan=\"2\"><strong>Exist\u00eancia<\/strong><\/td>\n<\/tr>\n<tr>\n<td>As aminas com menor peso molecular s\u00e3o gases \u00e0 temperatura ambiente.<\/td>\n<td>S\u00f3lido \u00e0 temperatura ambiente ou ambiente.<\/td>\n<\/tr>\n<\/tbody>\n<\/table>\n<\/section>\n<h2>O que \u00e9 amina?<\/h2>\n<p>As aminas s\u00e3o derivados da am\u00f4nia que s\u00e3o formados pela substitui\u00e7\u00e3o de um ou mais \u00e1tomos de hidrog\u00eanio por grupos org\u00e2nicos, que podem ser alquil ou aril, pois cont\u00eam liga\u00e7\u00f5es de hidrog\u00eanio entre seus \u00e1tomos nas aminas prim\u00e1rias e secund\u00e1rias. E devido \u00e0 presen\u00e7a dessas liga\u00e7\u00f5es de hidrog\u00eanio, torna-as insol\u00faveis em \u00e1gua. As aminas normalmente exibem um odor caracter\u00edstico de am\u00f4nia; no entanto, as aminas l\u00edquidas t\u00eam um odor de peixe. Pequenas aminas alif\u00e1ticas s\u00e3o muito sol\u00faveis em muitos solventes, mas grandes aminas alif\u00e1ticas s\u00e3o lipof\u00edlicas. As aminas s\u00e3o bases como a am\u00f4nia, mas sua basicidade \u00e9 mais fraca em compara\u00e7\u00e3o com os hidr\u00f3xidos de metais alcalinos.<\/p>\n<div style=\"text-align:center;margin:0px 0px 15px 0px;\"><\/div>\n<p>Seu n\u00famero base \u00e9 baseado nas caracter\u00edsticas eletr\u00f4nicas dos substituintes. As aminas s\u00e3o muito importantes do ponto de vista biol\u00f3gico; a quebra de amino\u00e1cidos libera aminas. Muitos neurotransmissores tamb\u00e9m s\u00e3o aminas, como epinefrina, norepinefrina, dopamina, histamina e serotonina.<\/p>\n<p>As aminas s\u00e3o preparadas industrialmente pela alquila\u00e7\u00e3o da am\u00f4nia. A rea\u00e7\u00e3o da am\u00f4nia com o haleto de alquila causa a estrutura ou cria\u00e7\u00e3o de aminas. As aminas formadas tamb\u00e9m podem reagir com haletos de alquila, levando \u00e0 forma\u00e7\u00e3o de produtos de amina distribu\u00eddos. Se este produto dissubstitu\u00eddo reagir ainda mais com um haleto de alquila, levar\u00e1 \u00e0 forma\u00e7\u00e3o do produto distribu\u00eddo. Existem muitos outros processos que s\u00e3o utilizados para a sua forma\u00e7\u00e3o. Algumas delas s\u00e3o a s\u00edntese de Gabriel, na qual a ftalimida de pot\u00e1ssio reage com um haleto de alquila, causando a forma\u00e7\u00e3o da N-alquilftalimida, que pode ser hidrolisada na presen\u00e7a de uma solu\u00e7\u00e3o aquosa de \u00e1cidos ou bases nas aminas prim\u00e1rias. Outros m\u00e9todos incluem alquila\u00e7\u00e3o redutiva de cetonas, alde\u00eddos e redu\u00e7\u00e3o de nitrila. Existe outro m\u00e9todo de redu\u00e7\u00e3o de compostos nitro,<\/p>\n<p>Existem tr\u00eas tipos de aminas que s\u00e3o divididas com base em seus grupos alquil ou aril. As aminas prim\u00e1rias s\u00e3o as aminas nas quais um grupo alquila est\u00e1 ligado ao \u00e1tomo de nitrog\u00eanio. Se um grupo metil est\u00e1 presente na amina prim\u00e1ria, ela produz uma amina prim\u00e1ria e \u00e9 chamada de metilamina. As aminas secund\u00e1rias s\u00e3o as aminas nas quais dois grupos alquila est\u00e3o ligados ao \u00e1tomo de nitrog\u00eanio. Exemplos de aminas secund\u00e1rias s\u00e3o N-etil-N-propilamina, que consiste em um \u00e1tomo de nitrog\u00eanio ligado a um \u00e1tomo de hidrog\u00eanio. As aminas terci\u00e1rias s\u00e3o as aminas nas quais um grupo alquila est\u00e1 ligado a cada \u00e1tomo de nitrog\u00eanio. Um exemplo de aminas terci\u00e1rias \u00e9 a tributilamina, na qual os \u00e1tomos de nitrog\u00eanio formam a liga\u00e7\u00e3o com tr\u00eas grupos butil.<\/p>\n<p>As aminas arom\u00e1ticas prim\u00e1rias s\u00e3o \u00fateis como substrato para a fabrica\u00e7\u00e3o de diferentes tipos de compostos chamados azocompostos. Esses compostos s\u00e3o muito coloridos como laranja de metila, marrom direto 138, amarelo-sol, ponceau usado nas ind\u00fastrias de tingimento. Um grande n\u00famero de drogas \u00e9 fabricado para emular a a\u00e7\u00e3o de neurotransmissores de aminas naturais exemplificados por drogas de amina, como efedrina e fenilefrina, onde essas drogas s\u00e3o \u00fateis como descongestionantes. A clorfeniramina, que \u00e9 um anti-histam\u00ednico, ajuda a tratar dist\u00farbios al\u00e9rgicos causados \u200b\u200bpor picadas e picadas de insetos. A clorpromazina \u00e9 usada para aliviar a ansiedade, excita\u00e7\u00e3o, inquieta\u00e7\u00e3o ou mesmo dist\u00farbios mentais.<\/p>\n<h2>O que \u00e9 amida?<\/h2>\n<p>Amidas s\u00e3o os derivados de um \u00e1cido carbox\u00edlico com um grupo OH substitu\u00eddo por aminas ou am\u00f4nia. Eles t\u00eam altos pontos de fus\u00e3o e ebuli\u00e7\u00e3o devido \u00e0 forte liga\u00e7\u00e3o de hidrog\u00eanio. A \u00fanica metanamida \u00e9 l\u00edquida \u00e0 temperatura ambiente, com ponto de fus\u00e3o de 3 graus Celsius. A etanamida \u00e9 um s\u00f3lido delinquente \u00e0 temperatura ambiente, com ponto de fus\u00e3o de 82 graus Celsius. Por ser delinquente, recolhe \u00e1gua da atmosfera e nela se dissolve; portanto, parece molhado.<\/p>\n<p>As pequenas amidas s\u00e3o sol\u00faveis em \u00e1gua porque podem formar liga\u00e7\u00f5es de hidrog\u00eanio com as mol\u00e9culas de \u00e1gua circundantes. Requer energia para quebrar as liga\u00e7\u00f5es de hidrog\u00eanio j\u00e1 presentes entre as mol\u00e9culas de amida e entre as mol\u00e9culas de \u00e1gua. Portanto, a energia tamb\u00e9m \u00e9 liberada quando a liga\u00e7\u00e3o de hidrog\u00eanio se forma entre as mol\u00e9culas de amida e \u00e1gua para mistur\u00e1-la e torn\u00e1-la sol\u00favel.<\/p>\n<p>Um \u00fanico par de el\u00e9trons est\u00e1 presente no nitrog\u00eanio, deslocalizado para carbonila, formando uma liga\u00e7\u00e3o dupla parcial entre o nitrog\u00eanio e o carbono da carbonila. H\u00e1 tamb\u00e9m uma liga\u00e7\u00e3o de hidrog\u00eanio entre os \u00e1tomos de hidrog\u00eanio e nitrog\u00eanio. Amidas s\u00e3o bases muito fracas. O \u00e1cido conjugado de uma amida tem um valor de pKa de cerca de 0,5. Portanto, as amidas n\u00e3o t\u00eam propriedades \u00e1cidas percept\u00edveis na \u00e1gua.<\/p>\n<p>Existem muitos m\u00e9todos simples usados \u200b\u200bpara a forma\u00e7\u00e3o de amidas. A adi\u00e7\u00e3o de am\u00f4nia a \u00e1cidos carbox\u00edlicos, como o \u00e1cido ac\u00e9tico, causa a forma\u00e7\u00e3o de amidas. \u00c9 uma rea\u00e7\u00e3o de uma etapa, que \u00e9 muito lenta \u00e0 temperatura ambiente. Como dois reagentes participam de uma rea\u00e7\u00e3o determinante da velocidade, a rea\u00e7\u00e3o \u00e9 de segunda ordem. A \u00e1gua sai como um subproduto e a produ\u00e7\u00e3o de liga\u00e7\u00f5es ocorre entre o grupo carbonila do \u00e1cido ac\u00e9tico e o nitrog\u00eanio amoniacal. \u00c9 assim que a acetamida \u00e9 formada.<\/p>\n<p>Sua classifica\u00e7\u00e3o \u00e9 em tr\u00eas categorias principais com base em um grupo amino ligado a \u00e1tomos de carbono. As amidas prim\u00e1rias s\u00e3o as amidas nas quais o grupo amino forma diretamente a liga\u00e7\u00e3o com um \u00fanico carbono. As amidas secund\u00e1rias s\u00e3o amidas nas quais um grupo amina forma uma liga\u00e7\u00e3o com dois carbonos. As amidas terci\u00e1rias s\u00e3o aquelas amidas nas quais um grupo amina forma uma liga\u00e7\u00e3o direta com tr\u00eas carbonos. Essas amidas t\u00eam exemplos comuns como carboxamidas, fosforamidas e sulfonamidas, etc.<\/p>\n<p>S\u00e3o \u00fateis na forma\u00e7\u00e3o de drogas como o tranquilizante diazepam, a talidomida que \u00e9 usada para tratar n\u00e1useas em gestantes, causadas por defici\u00eancias cong\u00eanitas como nadadeiras nos p\u00e9s e nas m\u00e3os. A lidoca\u00edna \u00e9 um anest\u00e9sico do grupo amida que causa anestesia local ou regional por intrus\u00e3o intravenosa. Oseltamivir \u00e9 usado para tratar doen\u00e7as agudas causadas por influenza A e B. Cefotiam \u00e9 um medicamento antibacteriano usado para tratar infec\u00e7\u00f5es causadas por bact\u00e9rias. As amidas s\u00e3o \u00fateis para a fabrica\u00e7\u00e3o de nylon que tem ainda uso na forma\u00e7\u00e3o de sacos de nylon, cordas, tapetes, roupas, pneus, escovas, p\u00e1ra-quedas, etc. Tamb\u00e9m pode ser moldado em tubos, aros para forma\u00e7\u00e3o de v\u00e1lvulas, engrenagens,<\/p>\n<h2>Principais diferen\u00e7as<\/h2>\n<ol>\n<li>As aminas cont\u00eam um grupo alquilo ou arilo ligado ao azoto mas nenhum grupo carbonilo; por outro lado, a amida tem um grupo carbonila.<\/li>\n<li>As aminas s\u00e3o feitas de mol\u00e9culas de carbono, hidrog\u00eanio e nitrog\u00eanio; por outro lado, as amidas s\u00e3o compostas de carbono, hidrog\u00eanio, oxig\u00eanio e nitrog\u00eanio.<\/li>\n<li>Amina tem pontos de ebuli\u00e7\u00e3o mais baixos, enquanto as amidas t\u00eam alto ponto de ebuli\u00e7\u00e3o.<\/li>\n<li>As aminas s\u00e3o derivados da am\u00f4nia; no entanto, a amida \u00e9 um derivado de \u00e1cido carbox\u00edlico.<\/li>\n<li>As aminas de baixo peso molecular s\u00e3o gases \u00e0 temperatura ambiente ou do ar, enquanto as amidas s\u00e3o s\u00f3lidas \u00e0 temperatura ambiente.<\/li>\n<li>As aminas apresentam caracter\u00edsticas b\u00e1sicas e possuem alto valor de pH; Pelo contr\u00e1rio, as amidas apresentam caracter\u00edsticas \u00e1cidas e possuem um valor de pH mais baixo.<\/li>\n<\/ol>\n<h2>Conclus\u00e3o<\/h2>\n<p>As aminas s\u00e3o derivados da am\u00f4nia que cont\u00eam um grupo alquila ou aril ligado ao \u00e1tomo de nitrog\u00eanio na estrutura e atuam como b\u00e1sicos, enquanto as amidas s\u00e3o derivados do \u00e1cido carbox\u00edlico que cont\u00eam um grupo carbonila em sua estrutura e atuam de forma mais \u00e1cida.<\/p>\n<\/div>\n","protected":false},"excerpt":{"rendered":"<p>Principal diferen\u00e7a A principal diferen\u00e7a entre amina e amida \u00e9 que as aminas s\u00e3o derivados da am\u00f4nia que possuem um grupo alquil ou aril em sua estrutura, enquanto as amidas s\u00e3o derivados de \u00e1cidos carbox\u00edlicos que cont\u00eam um grupo carbonila ligado a um \u00e1tomo de nitrog\u00eanio em sua estrutura. .. Amina vs. Amida As aminas &#8230; <a title=\"Diferen\u00e7a entre amina e amida\" class=\"read-more\" href=\"https:\/\/diferenciario.com\/br\/amina-e-amida\/\" aria-label=\"M\u00e1s en Diferen\u00e7a entre amina e amida\">Leia mais<\/a><\/p>\n","protected":false},"author":1,"featured_media":0,"comment_status":"closed","ping_status":"closed","sticky":false,"template":"","format":"standard","meta":{"footnotes":""},"categories":[63],"tags":[255,254],"class_list":["post-2623","post","type-post","status-publish","format-standard","hentry","category-quimica","tag-amida","tag-amina","no-featured-image-padding"],"yoast_head":"<!-- This site is optimized with the Yoast SEO plugin v19.13 - https:\/\/yoast.com\/wordpress\/plugins\/seo\/ -->\n<title>Diferen\u00e7a entre amina e amida<\/title>\n<meta name=\"description\" content=\"lll\u27a4 Principal diferen\u00e7a A principal diferen\u00e7a entre amina e amida \u00e9 que as aminas s\u00e3o derivados da am\u00f4nia que possuem um grupo alquil ou aril em sua\" \/>\n<meta name=\"robots\" content=\"index, follow, max-snippet:-1, max-image-preview:large, max-video-preview:-1\" \/>\n<link rel=\"canonical\" href=\"https:\/\/diferenciario.com\/br\/amina-e-amida\/\" \/>\n<meta property=\"og:locale\" content=\"es_ES\" \/>\n<meta property=\"og:type\" content=\"article\" \/>\n<meta property=\"og:title\" content=\"Diferen\u00e7a entre amina e amida\" \/>\n<meta property=\"og:description\" content=\"lll\u27a4 Principal diferen\u00e7a A principal diferen\u00e7a entre amina e amida \u00e9 que as aminas s\u00e3o derivados da am\u00f4nia que possuem um grupo alquil ou aril em sua\" \/>\n<meta property=\"og:url\" content=\"https:\/\/diferenciario.com\/br\/amina-e-amida\/\" \/>\n<meta property=\"og:site_name\" content=\"Diferenciario br\" \/>\n<meta property=\"article:published_time\" content=\"2021-11-15T22:20:51+00:00\" \/>\n<meta property=\"og:image\" content=\"https:\/\/diferenciario.com\/br\/wp-content\/uploads\/amina-e-amida.webp\" \/>\n<meta name=\"author\" content=\"javiervazquez_5mia2u1h\" \/>\n<meta name=\"twitter:card\" content=\"summary_large_image\" \/>\n<script type=\"application\/ld+json\" class=\"yoast-schema-graph\">{\"@context\":\"https:\/\/schema.org\",\"@graph\":[{\"@type\":\"Article\",\"@id\":\"https:\/\/diferenciario.com\/br\/amina-e-amida\/#article\",\"isPartOf\":{\"@id\":\"https:\/\/diferenciario.com\/br\/amina-e-amida\/\"},\"author\":{\"name\":\"javiervazquez_5mia2u1h\",\"@id\":\"https:\/\/diferenciario.com\/br\/#\/schema\/person\/56d044ad3bc3481dd45252b40b46ac75\"},\"headline\":\"Diferen\u00e7a entre amina e amida\",\"datePublished\":\"2021-11-15T22:20:51+00:00\",\"dateModified\":\"2021-11-15T22:20:51+00:00\",\"mainEntityOfPage\":{\"@id\":\"https:\/\/diferenciario.com\/br\/amina-e-amida\/\"},\"wordCount\":1805,\"publisher\":{\"@id\":\"https:\/\/diferenciario.com\/br\/#organization\"},\"keywords\":[\"Amida\",\"Amina\"],\"articleSection\":[\"Qu\u00edmica\"],\"inLanguage\":\"es\"},{\"@type\":\"WebPage\",\"@id\":\"https:\/\/diferenciario.com\/br\/amina-e-amida\/\",\"url\":\"https:\/\/diferenciario.com\/br\/amina-e-amida\/\",\"name\":\"Diferen\u00e7a entre amina e amida\",\"isPartOf\":{\"@id\":\"https:\/\/diferenciario.com\/br\/#website\"},\"datePublished\":\"2021-11-15T22:20:51+00:00\",\"dateModified\":\"2021-11-15T22:20:51+00:00\",\"description\":\"lll\u27a4 Principal diferen\u00e7a A principal diferen\u00e7a entre amina e amida \u00e9 que as aminas s\u00e3o derivados da am\u00f4nia que possuem um grupo alquil ou aril em sua\",\"breadcrumb\":{\"@id\":\"https:\/\/diferenciario.com\/br\/amina-e-amida\/#breadcrumb\"},\"inLanguage\":\"es\",\"potentialAction\":[{\"@type\":\"ReadAction\",\"target\":[\"https:\/\/diferenciario.com\/br\/amina-e-amida\/\"]}]},{\"@type\":\"BreadcrumbList\",\"@id\":\"https:\/\/diferenciario.com\/br\/amina-e-amida\/#breadcrumb\",\"itemListElement\":[{\"@type\":\"ListItem\",\"position\":1,\"name\":\"Home\",\"item\":\"https:\/\/diferenciario.com\/br\/\"},{\"@type\":\"ListItem\",\"position\":2,\"name\":\"Diferen\u00e7a entre amina e amida\"}]},{\"@type\":\"WebSite\",\"@id\":\"https:\/\/diferenciario.com\/br\/#website\",\"url\":\"https:\/\/diferenciario.com\/br\/\",\"name\":\"Diferenciario br\",\"description\":\"\",\"publisher\":{\"@id\":\"https:\/\/diferenciario.com\/br\/#organization\"},\"potentialAction\":[{\"@type\":\"SearchAction\",\"target\":{\"@type\":\"EntryPoint\",\"urlTemplate\":\"https:\/\/diferenciario.com\/br\/?s={search_term_string}\"},\"query-input\":\"required name=search_term_string\"}],\"inLanguage\":\"es\"},{\"@type\":\"Organization\",\"@id\":\"https:\/\/diferenciario.com\/br\/#organization\",\"name\":\"Diferenciario br\",\"url\":\"https:\/\/diferenciario.com\/br\/\",\"logo\":{\"@type\":\"ImageObject\",\"inLanguage\":\"es\",\"@id\":\"https:\/\/diferenciario.com\/br\/#\/schema\/logo\/image\/\",\"url\":\"https:\/\/diferenciario.com\/br\/wp-content\/uploads\/logo-diferenciario-brazil.webp\",\"contentUrl\":\"https:\/\/diferenciario.com\/br\/wp-content\/uploads\/logo-diferenciario-brazil.webp\",\"width\":225,\"height\":33,\"caption\":\"Diferenciario br\"},\"image\":{\"@id\":\"https:\/\/diferenciario.com\/br\/#\/schema\/logo\/image\/\"}},{\"@type\":\"Person\",\"@id\":\"https:\/\/diferenciario.com\/br\/#\/schema\/person\/56d044ad3bc3481dd45252b40b46ac75\",\"name\":\"javiervazquez_5mia2u1h\",\"image\":{\"@type\":\"ImageObject\",\"inLanguage\":\"es\",\"@id\":\"https:\/\/diferenciario.com\/br\/#\/schema\/person\/image\/\",\"url\":\"https:\/\/secure.gravatar.com\/avatar\/8826c6e0d313911ff94b887c5c66bafcf74cfe0a1f0c1fcd76cc1a5400186f2e?s=96&d=mm&r=g\",\"contentUrl\":\"https:\/\/secure.gravatar.com\/avatar\/8826c6e0d313911ff94b887c5c66bafcf74cfe0a1f0c1fcd76cc1a5400186f2e?s=96&d=mm&r=g\",\"caption\":\"javiervazquez_5mia2u1h\"},\"sameAs\":[\"https:\/\/diferenciario.com\/br\"]}]}<\/script>\n<!-- \/ Yoast SEO plugin. -->","yoast_head_json":{"title":"Diferen\u00e7a entre amina e amida","description":"lll\u27a4 Principal diferen\u00e7a A principal diferen\u00e7a entre amina e amida \u00e9 que as aminas s\u00e3o derivados da am\u00f4nia que possuem um grupo alquil ou aril em sua","robots":{"index":"index","follow":"follow","max-snippet":"max-snippet:-1","max-image-preview":"max-image-preview:large","max-video-preview":"max-video-preview:-1"},"canonical":"https:\/\/diferenciario.com\/br\/amina-e-amida\/","og_locale":"es_ES","og_type":"article","og_title":"Diferen\u00e7a entre amina e amida","og_description":"lll\u27a4 Principal diferen\u00e7a A principal diferen\u00e7a entre amina e amida \u00e9 que as aminas s\u00e3o derivados da am\u00f4nia que possuem um grupo alquil ou aril em sua","og_url":"https:\/\/diferenciario.com\/br\/amina-e-amida\/","og_site_name":"Diferenciario br","article_published_time":"2021-11-15T22:20:51+00:00","og_image":[{"url":"https:\/\/diferenciario.com\/br\/wp-content\/uploads\/amina-e-amida.webp"}],"author":"javiervazquez_5mia2u1h","twitter_card":"summary_large_image","schema":{"@context":"https:\/\/schema.org","@graph":[{"@type":"Article","@id":"https:\/\/diferenciario.com\/br\/amina-e-amida\/#article","isPartOf":{"@id":"https:\/\/diferenciario.com\/br\/amina-e-amida\/"},"author":{"name":"javiervazquez_5mia2u1h","@id":"https:\/\/diferenciario.com\/br\/#\/schema\/person\/56d044ad3bc3481dd45252b40b46ac75"},"headline":"Diferen\u00e7a entre amina e amida","datePublished":"2021-11-15T22:20:51+00:00","dateModified":"2021-11-15T22:20:51+00:00","mainEntityOfPage":{"@id":"https:\/\/diferenciario.com\/br\/amina-e-amida\/"},"wordCount":1805,"publisher":{"@id":"https:\/\/diferenciario.com\/br\/#organization"},"keywords":["Amida","Amina"],"articleSection":["Qu\u00edmica"],"inLanguage":"es"},{"@type":"WebPage","@id":"https:\/\/diferenciario.com\/br\/amina-e-amida\/","url":"https:\/\/diferenciario.com\/br\/amina-e-amida\/","name":"Diferen\u00e7a entre amina e amida","isPartOf":{"@id":"https:\/\/diferenciario.com\/br\/#website"},"datePublished":"2021-11-15T22:20:51+00:00","dateModified":"2021-11-15T22:20:51+00:00","description":"lll\u27a4 Principal diferen\u00e7a A principal diferen\u00e7a entre amina e amida \u00e9 que as aminas s\u00e3o derivados da am\u00f4nia que possuem um grupo alquil ou aril em sua","breadcrumb":{"@id":"https:\/\/diferenciario.com\/br\/amina-e-amida\/#breadcrumb"},"inLanguage":"es","potentialAction":[{"@type":"ReadAction","target":["https:\/\/diferenciario.com\/br\/amina-e-amida\/"]}]},{"@type":"BreadcrumbList","@id":"https:\/\/diferenciario.com\/br\/amina-e-amida\/#breadcrumb","itemListElement":[{"@type":"ListItem","position":1,"name":"Home","item":"https:\/\/diferenciario.com\/br\/"},{"@type":"ListItem","position":2,"name":"Diferen\u00e7a entre amina e amida"}]},{"@type":"WebSite","@id":"https:\/\/diferenciario.com\/br\/#website","url":"https:\/\/diferenciario.com\/br\/","name":"Diferenciario br","description":"","publisher":{"@id":"https:\/\/diferenciario.com\/br\/#organization"},"potentialAction":[{"@type":"SearchAction","target":{"@type":"EntryPoint","urlTemplate":"https:\/\/diferenciario.com\/br\/?s={search_term_string}"},"query-input":"required name=search_term_string"}],"inLanguage":"es"},{"@type":"Organization","@id":"https:\/\/diferenciario.com\/br\/#organization","name":"Diferenciario br","url":"https:\/\/diferenciario.com\/br\/","logo":{"@type":"ImageObject","inLanguage":"es","@id":"https:\/\/diferenciario.com\/br\/#\/schema\/logo\/image\/","url":"https:\/\/diferenciario.com\/br\/wp-content\/uploads\/logo-diferenciario-brazil.webp","contentUrl":"https:\/\/diferenciario.com\/br\/wp-content\/uploads\/logo-diferenciario-brazil.webp","width":225,"height":33,"caption":"Diferenciario br"},"image":{"@id":"https:\/\/diferenciario.com\/br\/#\/schema\/logo\/image\/"}},{"@type":"Person","@id":"https:\/\/diferenciario.com\/br\/#\/schema\/person\/56d044ad3bc3481dd45252b40b46ac75","name":"javiervazquez_5mia2u1h","image":{"@type":"ImageObject","inLanguage":"es","@id":"https:\/\/diferenciario.com\/br\/#\/schema\/person\/image\/","url":"https:\/\/secure.gravatar.com\/avatar\/8826c6e0d313911ff94b887c5c66bafcf74cfe0a1f0c1fcd76cc1a5400186f2e?s=96&d=mm&r=g","contentUrl":"https:\/\/secure.gravatar.com\/avatar\/8826c6e0d313911ff94b887c5c66bafcf74cfe0a1f0c1fcd76cc1a5400186f2e?s=96&d=mm&r=g","caption":"javiervazquez_5mia2u1h"},"sameAs":["https:\/\/diferenciario.com\/br"]}]}},"_links":{"self":[{"href":"https:\/\/diferenciario.com\/br\/wp-json\/wp\/v2\/posts\/2623","targetHints":{"allow":["GET"]}}],"collection":[{"href":"https:\/\/diferenciario.com\/br\/wp-json\/wp\/v2\/posts"}],"about":[{"href":"https:\/\/diferenciario.com\/br\/wp-json\/wp\/v2\/types\/post"}],"author":[{"embeddable":true,"href":"https:\/\/diferenciario.com\/br\/wp-json\/wp\/v2\/users\/1"}],"replies":[{"embeddable":true,"href":"https:\/\/diferenciario.com\/br\/wp-json\/wp\/v2\/comments?post=2623"}],"version-history":[{"count":0,"href":"https:\/\/diferenciario.com\/br\/wp-json\/wp\/v2\/posts\/2623\/revisions"}],"wp:attachment":[{"href":"https:\/\/diferenciario.com\/br\/wp-json\/wp\/v2\/media?parent=2623"}],"wp:term":[{"taxonomy":"category","embeddable":true,"href":"https:\/\/diferenciario.com\/br\/wp-json\/wp\/v2\/categories?post=2623"},{"taxonomy":"post_tag","embeddable":true,"href":"https:\/\/diferenciario.com\/br\/wp-json\/wp\/v2\/tags?post=2623"}],"curies":[{"name":"wp","href":"https:\/\/api.w.org\/{rel}","templated":true}]}}