{"id":3392,"date":"2022-01-19T11:35:55","date_gmt":"2022-01-19T11:35:55","guid":{"rendered":"https:\/\/diferenciario.com\/br\/o-espectro-de-absoro-e-o-espectro-de-ao\/"},"modified":"2022-03-15T20:48:32","modified_gmt":"2022-03-15T20:48:32","slug":"o-espectro-de-absoro-e-o-espectro-de-ao","status":"publish","type":"post","link":"https:\/\/diferenciario.com\/br\/o-espectro-de-absoro-e-o-espectro-de-ao\/","title":{"rendered":"Diferen\u00e7a entre o espectro de absor\u00e7\u00e3o e o espectro de a\u00e7\u00e3o"},"content":{"rendered":"<p><img loading=\"lazy\" decoding=\"async\" class=\"aligncenter size-full wp-image-2581\" src=\"https:\/\/diferenciario.com\/br\/wp-content\/uploads\/o-espectro-de-absoro-e-o-espectro-de-ao.webp\" alt=\"Diferen\u00e7a entre o espectro de absor\u00e7\u00e3o e o espectro de a\u00e7\u00e3o\" width=\"650\" height=\"450\" \/><\/p>\n<div>\n<h2>Principal diferen\u00e7a<\/h2>\n<p>A principal diferen\u00e7a entre o espectro de absor\u00e7\u00e3o e o espectro de a\u00e7\u00e3o \u00e9 que o espectro de absor\u00e7\u00e3o mostra a absor\u00e7\u00e3o de luz de diferentes comprimentos de onda por um pigmento, enquanto o espectro de a\u00e7\u00e3o mostra a efic\u00e1cia relativa desses comprimentos de onda na fotoss\u00edntese\u2026<\/p>\n<h2>Espectro de absor\u00e7\u00e3o <strong>vs. <\/strong>espectro de a\u00e7\u00e3o<\/h2>\n<p>As plantas usam a luz para energia ou alimento atrav\u00e9s da fotoss\u00edntese. Existem diferentes tipos de pigmentos fotossint\u00e9ticos em plantas que absorvem luz de diferentes comprimentos de onda. Mas eles absorvem apenas a luz que cai na regi\u00e3o do espectro vis\u00edvel, ou seja, 390nm a 760nm. Uma representa\u00e7\u00e3o gr\u00e1fica que mostra a absor\u00e7\u00e3o de luz de diferentes comprimentos de onda pelo pigmento de uma planta \u00e9 conhecida como seu espectro de absor\u00e7\u00e3o. Por outro lado, uma representa\u00e7\u00e3o gr\u00e1fica que mostra a efic\u00e1cia desses diferentes comprimentos de onda na fotoss\u00edntese \u00e9 conhecida como espectro de a\u00e7\u00e3o. Um espectro de absor\u00e7\u00e3o mostra a rela\u00e7\u00e3o entre a capacidade de absor\u00e7\u00e3o do pigmento e a qualidade da luz. Um espectro de a\u00e7\u00e3o mostra a rela\u00e7\u00e3o entre diferentes comprimentos de onda de luz e atividade fotossint\u00e9tica. A clorofila absorve a luz azul e vermelha, enquanto os caroten\u00f3ides absorvem a luz violeta e azul. Por outro lado, a fotoss\u00edntese m\u00e1xima ocorre na luz azul e vermelha. A absor\u00e7\u00e3o de luz de diferentes comprimentos de onda pode ser medida usando um espectr\u00f4metro, enquanto no espectro de a\u00e7\u00e3o, a taxa de fotoss\u00edntese pode ser encontrada medindo a quantidade de produ\u00e7\u00e3o de oxig\u00eanio, fixa\u00e7\u00e3o de di\u00f3xido de carbono e redu\u00e7\u00e3o de NADP+, etc. De acordo com experimentos, o pico do espectro de a\u00e7\u00e3o da clorofila \u00e9 igual ao seu espectro de absor\u00e7\u00e3o, indicando que a clorofila atua como pigmento prim\u00e1rio na fotoss\u00edntese. A clorofila absorve a luz azul e vermelha, enquanto os caroten\u00f3ides absorvem a luz violeta e azul. Por outro lado, a fotoss\u00edntese m\u00e1xima ocorre na luz azul e vermelha. A absor\u00e7\u00e3o de luz de diferentes comprimentos de onda pode ser medida usando um espectr\u00f4metro, enquanto no espectro de a\u00e7\u00e3o, a taxa de fotoss\u00edntese pode ser encontrada medindo a quantidade de produ\u00e7\u00e3o de oxig\u00eanio, fixa\u00e7\u00e3o de di\u00f3xido de carbono e redu\u00e7\u00e3o de NADP+, etc. De acordo com experimentos, o pico do espectro de a\u00e7\u00e3o da clorofila \u00e9 igual ao seu espectro de absor\u00e7\u00e3o, indicando que a clorofila atua como pigmento prim\u00e1rio na fotoss\u00edntese. A clorofila absorve a luz azul e vermelha, enquanto os caroten\u00f3ides absorvem a luz violeta e azul. Por outro lado, a fotoss\u00edntese m\u00e1xima ocorre na luz azul e vermelha. A absor\u00e7\u00e3o de luz de diferentes comprimentos de onda pode ser medida usando um espectr\u00f4metro, enquanto no espectro de a\u00e7\u00e3o, a taxa de fotoss\u00edntese pode ser encontrada medindo a quantidade de produ\u00e7\u00e3o de oxig\u00eanio, fixa\u00e7\u00e3o de di\u00f3xido de carbono e redu\u00e7\u00e3o de NADP+, etc. De acordo com experimentos, o pico do espectro de a\u00e7\u00e3o da clorofila \u00e9 igual ao seu espectro de absor\u00e7\u00e3o, indicando que a clorofila atua como pigmento prim\u00e1rio na fotoss\u00edntese. A absor\u00e7\u00e3o de luz de diferentes comprimentos de onda pode ser medida usando um espectr\u00f4metro, enquanto no espectro de a\u00e7\u00e3o, a taxa de fotoss\u00edntese pode ser determinada medindo a quantidade de produ\u00e7\u00e3o de oxig\u00eanio, fixa\u00e7\u00e3o de di\u00f3xido de carbono e redu\u00e7\u00e3o de di\u00f3xido de carbono. NADP+ etc. De acordo com experimentos, o pico do espectro de a\u00e7\u00e3o da clorofila \u00e9 igual ao seu espectro de absor\u00e7\u00e3o, indicando que a clorofila atua como pigmento prim\u00e1rio na fotoss\u00edntese. A absor\u00e7\u00e3o de luz de diferentes comprimentos de onda pode ser medida usando um espectr\u00f4metro, enquanto no espectro de a\u00e7\u00e3o, a taxa de fotoss\u00edntese pode ser determinada medindo a quantidade de produ\u00e7\u00e3o de oxig\u00eanio, fixa\u00e7\u00e3o de di\u00f3xido de carbono e redu\u00e7\u00e3o de di\u00f3xido de carbono. NADP+ etc. De acordo com experimentos, o pico do espectro de a\u00e7\u00e3o da clorofila \u00e9 igual ao seu espectro de absor\u00e7\u00e3o, indicando que a clorofila atua como pigmento prim\u00e1rio na fotoss\u00edntese.<\/p>\n<h2>Quadro comparativo<\/h2>\n<section style=\"width: 100%; overflow-x: auto; overflow-y: hidden;\">\n<table>\n<tbody>\n<tr>\n<td><strong>Espectro de absor\u00e7\u00e3o<\/strong><\/td>\n<td><strong>espectro de a\u00e7\u00e3o<\/strong><\/td>\n<\/tr>\n<tr>\n<td>Uma representa\u00e7\u00e3o gr\u00e1fica que mostra a absor\u00e7\u00e3o de luz de diferentes comprimentos de onda pelo pigmento de uma planta \u00e9 conhecida como espectro de absor\u00e7\u00e3o.<\/td>\n<td>Uma representa\u00e7\u00e3o gr\u00e1fica que mostra a efic\u00e1cia de diferentes comprimentos de onda de luz na fotoss\u00edntese \u00e9 conhecida como espectro de a\u00e7\u00e3o.<\/td>\n<\/tr>\n<tr>\n<td colspan=\"2\"><strong>Ele representa<\/strong><\/td>\n<\/tr>\n<tr>\n<td>Representa a intensidade da luz absorvida em rela\u00e7\u00e3o ao seu comprimento de onda espec\u00edfico.<\/td>\n<td>Mostra a efici\u00eancia relativa da fotoss\u00edntese produzida atrav\u00e9s da luz de diferentes comprimentos de onda.<\/td>\n<\/tr>\n<tr>\n<td colspan=\"2\"><strong>Explique<\/strong><\/td>\n<\/tr>\n<tr>\n<td>Um espectro de absor\u00e7\u00e3o explica a rela\u00e7\u00e3o entre a capacidade de absor\u00e7\u00e3o do pigmento e a qualidade da luz.<\/td>\n<td>Um espectro de a\u00e7\u00e3o mostra a rela\u00e7\u00e3o entre diferentes comprimentos de onda de luz e atividade fotossint\u00e9tica.<\/td>\n<\/tr>\n<tr>\n<td colspan=\"2\"><strong>Medi\u00e7\u00e3o<\/strong><\/td>\n<\/tr>\n<tr>\n<td>A absor\u00e7\u00e3o de luz de diferentes comprimentos de onda pode ser medida usando o espectr\u00f4metro.<\/td>\n<td>No espectro de a\u00e7\u00e3o, a taxa de fotoss\u00edntese pode ser encontrada medindo a quantidade de produ\u00e7\u00e3o de oxig\u00eanio, fixa\u00e7\u00e3o de di\u00f3xido de carbono e redu\u00e7\u00e3o de NADP+, etc.<\/td>\n<\/tr>\n<tr>\n<td colspan=\"2\"><strong>exemplos<\/strong><\/td>\n<\/tr>\n<tr>\n<td>A clorofila absorve a luz azul e vermelha, mas os caroten\u00f3ides absorvem a luz violeta e azul.<\/td>\n<td>A fotoss\u00edntese m\u00e1xima ocorre na luz azul e vermelha.<\/td>\n<\/tr>\n<\/tbody>\n<\/table>\n<\/section>\n<div style=\"text-align: center; margin: 0px 0px 15px 0px;\"><\/div>\n<h2>Qual \u00e9 o espectro de absor\u00e7\u00e3o?<\/h2>\n<p>Um espectro de absor\u00e7\u00e3o \u00e9 um gr\u00e1fico que representa a luz de diferentes comprimentos de onda absorvidos por diferentes pigmentos vegetais. Uma solu\u00e7\u00e3o de um pigmento \u00e9 colocada em um dispositivo conhecido como espectr\u00f4metro que fornece os comprimentos de onda que s\u00e3o absorvidos pelo pigmento. A luz absorvida pelo pigmento dado \u00e9 plotada contra o comprimento de onda que d\u00e1 seu espectro de absor\u00e7\u00e3o. Explica a rela\u00e7\u00e3o entre a capacidade de absor\u00e7\u00e3o do pigmento e a qualidade da luz. Representa a intensidade da luz absorvida em rela\u00e7\u00e3o ao seu comprimento de onda espec\u00edfico. De acordo com o espectro de absor\u00e7\u00e3o, a clorofila absorve a luz de cor azul e vermelha, mas os caroten\u00f3ides absorvem a luz de cor violeta e azul.<\/p>\n<h2>O que \u00e9 o espectro de a\u00e7\u00e3o?<\/h2>\n<p>Um espectro de a\u00e7\u00e3o \u00e9 um gr\u00e1fico que representa a efic\u00e1cia de diferentes comprimentos de onda de luz absorvidos por diferentes pigmentos na fotoss\u00edntese. A taxa de fotoss\u00edntese em um espectro de a\u00e7\u00e3o pode ser encontrada medindo a quantidade de produ\u00e7\u00e3o de oxig\u00eanio, fixa\u00e7\u00e3o de di\u00f3xido de carbono e redu\u00e7\u00e3o de NADP+, etc. Explique a rela\u00e7\u00e3o entre os diferentes comprimentos de onda da luz e a atividade fotossint\u00e9tica. Mostra a efici\u00eancia relativa da fotoss\u00edntese produzida atrav\u00e9s da luz de diferentes comprimentos de onda. Dependendo do espectro de a\u00e7\u00e3o dos diferentes pigmentos vegetais, a fotoss\u00edntese m\u00e1xima ocorre na luz azul e vermelha.<\/p>\n<div style=\"text-align: center; margin: 0px 0px 15px 0px;\"><\/div>\n<h2>Principais diferen\u00e7as<\/h2>\n<ol>\n<li>Uma representa\u00e7\u00e3o gr\u00e1fica mostrando a absor\u00e7\u00e3o da luz de diferentes comprimentos de onda por um pigmento vegetal \u00e9 conhecida como espectro de absor\u00e7\u00e3o, enquanto uma representa\u00e7\u00e3o gr\u00e1fica mostrando a efic\u00e1cia de diferentes comprimentos de onda da luz na fotoss\u00edntese \u00e9 conhecida como espectro de acionamento.<\/li>\n<li>Um espectro de absor\u00e7\u00e3o representa a intensidade da luz absorvida em rela\u00e7\u00e3o ao seu comprimento de onda espec\u00edfico; por outro lado, um espectro de a\u00e7\u00e3o mostra a efici\u00eancia relativa da fotoss\u00edntese produzida pela luz de diferentes comprimentos de onda.<\/li>\n<li>Um espectro de absor\u00e7\u00e3o explica a rela\u00e7\u00e3o entre a capacidade de absor\u00e7\u00e3o do pigmento e a qualidade da luz em sentido inverso; Um espectro de a\u00e7\u00e3o mostra a rela\u00e7\u00e3o entre diferentes comprimentos de onda de luz e atividade fotossint\u00e9tica.<\/li>\n<li>A absor\u00e7\u00e3o de luz de diferentes comprimentos de onda pode ser medida usando um espectr\u00f4metro, por outro lado, no espectro de a\u00e7\u00e3o, a taxa de fotoss\u00edntese pode ser encontrada medindo a quantidade de produ\u00e7\u00e3o de oxig\u00eanio, fixa\u00e7\u00e3o de di\u00f3xido de carbono e redu\u00e7\u00e3o de NADP+, etc.<\/li>\n<li>O espectro de absor\u00e7\u00e3o dos diferentes pigmentos mostra que a clorofila absorve a luz azul e vermelha, mas os caroten\u00f3ides absorvem a luz violeta e azul, por outro lado, o espectro de a\u00e7\u00e3o mostra que a fotoss\u00edntese m\u00e1xima ocorre na luz azul e vermelha.<\/li>\n<\/ol>\n<h2>Conclus\u00e3o<\/h2>\n<p>A discuss\u00e3o acima resume que o espectro de absor\u00e7\u00e3o e o espectro de a\u00e7\u00e3o desempenham um papel importante na determina\u00e7\u00e3o da taxa de fotoss\u00edntese. Um espectro de absor\u00e7\u00e3o \u00e9 a representa\u00e7\u00e3o gr\u00e1fica da absor\u00e7\u00e3o de luz por diferentes pigmentos; Por outro lado, o espectro de a\u00e7\u00e3o \u00e9 a representa\u00e7\u00e3o gr\u00e1fica que representa a a\u00e7\u00e3o de diferentes comprimentos de onda da luz na fotoss\u00edntese.<\/p>\n<\/div>\n","protected":false},"excerpt":{"rendered":"<p>Principal diferen\u00e7a A principal diferen\u00e7a entre o espectro de absor\u00e7\u00e3o e o espectro de a\u00e7\u00e3o \u00e9 que o espectro de absor\u00e7\u00e3o mostra a absor\u00e7\u00e3o de luz de diferentes comprimentos de onda por um pigmento, enquanto o espectro de a\u00e7\u00e3o mostra a efic\u00e1cia relativa desses comprimentos de onda na fotoss\u00edntese\u2026 Espectro de absor\u00e7\u00e3o vs. espectro de &#8230; <a title=\"Diferen\u00e7a entre o espectro de absor\u00e7\u00e3o e o espectro de a\u00e7\u00e3o\" class=\"read-more\" href=\"https:\/\/diferenciario.com\/br\/o-espectro-de-absoro-e-o-espectro-de-ao\/\" aria-label=\"M\u00e1s en Diferen\u00e7a entre o espectro de absor\u00e7\u00e3o e o espectro de a\u00e7\u00e3o\">Leia mais<\/a><\/p>\n","protected":false},"author":1,"featured_media":0,"comment_status":"closed","ping_status":"closed","sticky":false,"template":"","format":"standard","meta":{"footnotes":""},"categories":[31],"tags":[1653,1654],"class_list":["post-3392","post","type-post","status-publish","format-standard","hentry","category-biologia","tag-espectro-de-absorcao","tag-espectro-de-acao","no-featured-image-padding"],"yoast_head":"<!-- This site is optimized with the Yoast SEO plugin v19.13 - https:\/\/yoast.com\/wordpress\/plugins\/seo\/ -->\n<title>Diferen\u00e7a entre o espectro de absor\u00e7\u00e3o e o espectro de a\u00e7\u00e3o<\/title>\n<meta name=\"description\" content=\"lll\u27a4 Principal diferen\u00e7a A principal diferen\u00e7a entre o espectro de absor\u00e7\u00e3o e o espectro de a\u00e7\u00e3o \u00e9 que o espectro de absor\u00e7\u00e3o mostra a absor\u00e7\u00e3o de luz de\" \/>\n<meta name=\"robots\" content=\"index, follow, max-snippet:-1, max-image-preview:large, max-video-preview:-1\" \/>\n<link rel=\"canonical\" href=\"https:\/\/diferenciario.com\/br\/o-espectro-de-absoro-e-o-espectro-de-ao\/\" \/>\n<meta property=\"og:locale\" content=\"es_ES\" \/>\n<meta property=\"og:type\" content=\"article\" \/>\n<meta property=\"og:title\" content=\"Diferen\u00e7a entre o espectro de absor\u00e7\u00e3o e o espectro de a\u00e7\u00e3o\" \/>\n<meta property=\"og:description\" content=\"lll\u27a4 Principal diferen\u00e7a A principal diferen\u00e7a entre o espectro de absor\u00e7\u00e3o e o espectro de a\u00e7\u00e3o \u00e9 que o espectro de absor\u00e7\u00e3o mostra a absor\u00e7\u00e3o de luz de\" \/>\n<meta property=\"og:url\" content=\"https:\/\/diferenciario.com\/br\/o-espectro-de-absoro-e-o-espectro-de-ao\/\" \/>\n<meta property=\"og:site_name\" content=\"Diferenciario br\" \/>\n<meta property=\"article:published_time\" content=\"2022-01-19T11:35:55+00:00\" \/>\n<meta property=\"article:modified_time\" content=\"2022-03-15T20:48:32+00:00\" \/>\n<meta property=\"og:image\" content=\"https:\/\/diferenciario.com\/br\/wp-content\/uploads\/o-espectro-de-absoro-e-o-espectro-de-ao.webp\" \/>\n<meta name=\"author\" content=\"javiervazquez_5mia2u1h\" \/>\n<meta name=\"twitter:card\" content=\"summary_large_image\" \/>\n<script type=\"application\/ld+json\" class=\"yoast-schema-graph\">{\"@context\":\"https:\/\/schema.org\",\"@graph\":[{\"@type\":\"Article\",\"@id\":\"https:\/\/diferenciario.com\/br\/o-espectro-de-absoro-e-o-espectro-de-ao\/#article\",\"isPartOf\":{\"@id\":\"https:\/\/diferenciario.com\/br\/o-espectro-de-absoro-e-o-espectro-de-ao\/\"},\"author\":{\"name\":\"javiervazquez_5mia2u1h\",\"@id\":\"https:\/\/diferenciario.com\/br\/#\/schema\/person\/56d044ad3bc3481dd45252b40b46ac75\"},\"headline\":\"Diferen\u00e7a entre o espectro de absor\u00e7\u00e3o e o espectro de a\u00e7\u00e3o\",\"datePublished\":\"2022-01-19T11:35:55+00:00\",\"dateModified\":\"2022-03-15T20:48:32+00:00\",\"mainEntityOfPage\":{\"@id\":\"https:\/\/diferenciario.com\/br\/o-espectro-de-absoro-e-o-espectro-de-ao\/\"},\"wordCount\":1572,\"publisher\":{\"@id\":\"https:\/\/diferenciario.com\/br\/#organization\"},\"keywords\":[\"Espectro de absor\u00e7\u00e3o\",\"Espectro de a\u00e7\u00e3o\"],\"articleSection\":[\"Biologia\"],\"inLanguage\":\"es\"},{\"@type\":\"WebPage\",\"@id\":\"https:\/\/diferenciario.com\/br\/o-espectro-de-absoro-e-o-espectro-de-ao\/\",\"url\":\"https:\/\/diferenciario.com\/br\/o-espectro-de-absoro-e-o-espectro-de-ao\/\",\"name\":\"Diferen\u00e7a entre o espectro de absor\u00e7\u00e3o e o espectro de a\u00e7\u00e3o\",\"isPartOf\":{\"@id\":\"https:\/\/diferenciario.com\/br\/#website\"},\"datePublished\":\"2022-01-19T11:35:55+00:00\",\"dateModified\":\"2022-03-15T20:48:32+00:00\",\"description\":\"lll\u27a4 Principal diferen\u00e7a A principal diferen\u00e7a entre o espectro de absor\u00e7\u00e3o e o espectro de a\u00e7\u00e3o \u00e9 que o espectro de absor\u00e7\u00e3o mostra a absor\u00e7\u00e3o de luz de\",\"breadcrumb\":{\"@id\":\"https:\/\/diferenciario.com\/br\/o-espectro-de-absoro-e-o-espectro-de-ao\/#breadcrumb\"},\"inLanguage\":\"es\",\"potentialAction\":[{\"@type\":\"ReadAction\",\"target\":[\"https:\/\/diferenciario.com\/br\/o-espectro-de-absoro-e-o-espectro-de-ao\/\"]}]},{\"@type\":\"BreadcrumbList\",\"@id\":\"https:\/\/diferenciario.com\/br\/o-espectro-de-absoro-e-o-espectro-de-ao\/#breadcrumb\",\"itemListElement\":[{\"@type\":\"ListItem\",\"position\":1,\"name\":\"Home\",\"item\":\"https:\/\/diferenciario.com\/br\/\"},{\"@type\":\"ListItem\",\"position\":2,\"name\":\"Diferen\u00e7a entre o espectro de absor\u00e7\u00e3o e o espectro de a\u00e7\u00e3o\"}]},{\"@type\":\"WebSite\",\"@id\":\"https:\/\/diferenciario.com\/br\/#website\",\"url\":\"https:\/\/diferenciario.com\/br\/\",\"name\":\"Diferenciario br\",\"description\":\"\",\"publisher\":{\"@id\":\"https:\/\/diferenciario.com\/br\/#organization\"},\"potentialAction\":[{\"@type\":\"SearchAction\",\"target\":{\"@type\":\"EntryPoint\",\"urlTemplate\":\"https:\/\/diferenciario.com\/br\/?s={search_term_string}\"},\"query-input\":\"required name=search_term_string\"}],\"inLanguage\":\"es\"},{\"@type\":\"Organization\",\"@id\":\"https:\/\/diferenciario.com\/br\/#organization\",\"name\":\"Diferenciario br\",\"url\":\"https:\/\/diferenciario.com\/br\/\",\"logo\":{\"@type\":\"ImageObject\",\"inLanguage\":\"es\",\"@id\":\"https:\/\/diferenciario.com\/br\/#\/schema\/logo\/image\/\",\"url\":\"https:\/\/diferenciario.com\/br\/wp-content\/uploads\/logo-diferenciario-brazil.webp\",\"contentUrl\":\"https:\/\/diferenciario.com\/br\/wp-content\/uploads\/logo-diferenciario-brazil.webp\",\"width\":225,\"height\":33,\"caption\":\"Diferenciario br\"},\"image\":{\"@id\":\"https:\/\/diferenciario.com\/br\/#\/schema\/logo\/image\/\"}},{\"@type\":\"Person\",\"@id\":\"https:\/\/diferenciario.com\/br\/#\/schema\/person\/56d044ad3bc3481dd45252b40b46ac75\",\"name\":\"javiervazquez_5mia2u1h\",\"image\":{\"@type\":\"ImageObject\",\"inLanguage\":\"es\",\"@id\":\"https:\/\/diferenciario.com\/br\/#\/schema\/person\/image\/\",\"url\":\"https:\/\/secure.gravatar.com\/avatar\/8826c6e0d313911ff94b887c5c66bafcf74cfe0a1f0c1fcd76cc1a5400186f2e?s=96&d=mm&r=g\",\"contentUrl\":\"https:\/\/secure.gravatar.com\/avatar\/8826c6e0d313911ff94b887c5c66bafcf74cfe0a1f0c1fcd76cc1a5400186f2e?s=96&d=mm&r=g\",\"caption\":\"javiervazquez_5mia2u1h\"},\"sameAs\":[\"https:\/\/diferenciario.com\/br\"]}]}<\/script>\n<!-- \/ Yoast SEO plugin. -->","yoast_head_json":{"title":"Diferen\u00e7a entre o espectro de absor\u00e7\u00e3o e o espectro de a\u00e7\u00e3o","description":"lll\u27a4 Principal diferen\u00e7a A principal diferen\u00e7a entre o espectro de absor\u00e7\u00e3o e o espectro de a\u00e7\u00e3o \u00e9 que o espectro de absor\u00e7\u00e3o mostra a absor\u00e7\u00e3o de luz de","robots":{"index":"index","follow":"follow","max-snippet":"max-snippet:-1","max-image-preview":"max-image-preview:large","max-video-preview":"max-video-preview:-1"},"canonical":"https:\/\/diferenciario.com\/br\/o-espectro-de-absoro-e-o-espectro-de-ao\/","og_locale":"es_ES","og_type":"article","og_title":"Diferen\u00e7a entre o espectro de absor\u00e7\u00e3o e o espectro de a\u00e7\u00e3o","og_description":"lll\u27a4 Principal diferen\u00e7a A principal diferen\u00e7a entre o espectro de absor\u00e7\u00e3o e o espectro de a\u00e7\u00e3o \u00e9 que o espectro de absor\u00e7\u00e3o mostra a absor\u00e7\u00e3o de luz de","og_url":"https:\/\/diferenciario.com\/br\/o-espectro-de-absoro-e-o-espectro-de-ao\/","og_site_name":"Diferenciario br","article_published_time":"2022-01-19T11:35:55+00:00","article_modified_time":"2022-03-15T20:48:32+00:00","og_image":[{"url":"https:\/\/diferenciario.com\/br\/wp-content\/uploads\/o-espectro-de-absoro-e-o-espectro-de-ao.webp"}],"author":"javiervazquez_5mia2u1h","twitter_card":"summary_large_image","schema":{"@context":"https:\/\/schema.org","@graph":[{"@type":"Article","@id":"https:\/\/diferenciario.com\/br\/o-espectro-de-absoro-e-o-espectro-de-ao\/#article","isPartOf":{"@id":"https:\/\/diferenciario.com\/br\/o-espectro-de-absoro-e-o-espectro-de-ao\/"},"author":{"name":"javiervazquez_5mia2u1h","@id":"https:\/\/diferenciario.com\/br\/#\/schema\/person\/56d044ad3bc3481dd45252b40b46ac75"},"headline":"Diferen\u00e7a entre o espectro de absor\u00e7\u00e3o e o espectro de a\u00e7\u00e3o","datePublished":"2022-01-19T11:35:55+00:00","dateModified":"2022-03-15T20:48:32+00:00","mainEntityOfPage":{"@id":"https:\/\/diferenciario.com\/br\/o-espectro-de-absoro-e-o-espectro-de-ao\/"},"wordCount":1572,"publisher":{"@id":"https:\/\/diferenciario.com\/br\/#organization"},"keywords":["Espectro de absor\u00e7\u00e3o","Espectro de a\u00e7\u00e3o"],"articleSection":["Biologia"],"inLanguage":"es"},{"@type":"WebPage","@id":"https:\/\/diferenciario.com\/br\/o-espectro-de-absoro-e-o-espectro-de-ao\/","url":"https:\/\/diferenciario.com\/br\/o-espectro-de-absoro-e-o-espectro-de-ao\/","name":"Diferen\u00e7a entre o espectro de absor\u00e7\u00e3o e o espectro de a\u00e7\u00e3o","isPartOf":{"@id":"https:\/\/diferenciario.com\/br\/#website"},"datePublished":"2022-01-19T11:35:55+00:00","dateModified":"2022-03-15T20:48:32+00:00","description":"lll\u27a4 Principal diferen\u00e7a A principal diferen\u00e7a entre o espectro de absor\u00e7\u00e3o e o espectro de a\u00e7\u00e3o \u00e9 que o espectro de absor\u00e7\u00e3o mostra a absor\u00e7\u00e3o de luz de","breadcrumb":{"@id":"https:\/\/diferenciario.com\/br\/o-espectro-de-absoro-e-o-espectro-de-ao\/#breadcrumb"},"inLanguage":"es","potentialAction":[{"@type":"ReadAction","target":["https:\/\/diferenciario.com\/br\/o-espectro-de-absoro-e-o-espectro-de-ao\/"]}]},{"@type":"BreadcrumbList","@id":"https:\/\/diferenciario.com\/br\/o-espectro-de-absoro-e-o-espectro-de-ao\/#breadcrumb","itemListElement":[{"@type":"ListItem","position":1,"name":"Home","item":"https:\/\/diferenciario.com\/br\/"},{"@type":"ListItem","position":2,"name":"Diferen\u00e7a entre o espectro de absor\u00e7\u00e3o e o espectro de a\u00e7\u00e3o"}]},{"@type":"WebSite","@id":"https:\/\/diferenciario.com\/br\/#website","url":"https:\/\/diferenciario.com\/br\/","name":"Diferenciario br","description":"","publisher":{"@id":"https:\/\/diferenciario.com\/br\/#organization"},"potentialAction":[{"@type":"SearchAction","target":{"@type":"EntryPoint","urlTemplate":"https:\/\/diferenciario.com\/br\/?s={search_term_string}"},"query-input":"required name=search_term_string"}],"inLanguage":"es"},{"@type":"Organization","@id":"https:\/\/diferenciario.com\/br\/#organization","name":"Diferenciario br","url":"https:\/\/diferenciario.com\/br\/","logo":{"@type":"ImageObject","inLanguage":"es","@id":"https:\/\/diferenciario.com\/br\/#\/schema\/logo\/image\/","url":"https:\/\/diferenciario.com\/br\/wp-content\/uploads\/logo-diferenciario-brazil.webp","contentUrl":"https:\/\/diferenciario.com\/br\/wp-content\/uploads\/logo-diferenciario-brazil.webp","width":225,"height":33,"caption":"Diferenciario br"},"image":{"@id":"https:\/\/diferenciario.com\/br\/#\/schema\/logo\/image\/"}},{"@type":"Person","@id":"https:\/\/diferenciario.com\/br\/#\/schema\/person\/56d044ad3bc3481dd45252b40b46ac75","name":"javiervazquez_5mia2u1h","image":{"@type":"ImageObject","inLanguage":"es","@id":"https:\/\/diferenciario.com\/br\/#\/schema\/person\/image\/","url":"https:\/\/secure.gravatar.com\/avatar\/8826c6e0d313911ff94b887c5c66bafcf74cfe0a1f0c1fcd76cc1a5400186f2e?s=96&d=mm&r=g","contentUrl":"https:\/\/secure.gravatar.com\/avatar\/8826c6e0d313911ff94b887c5c66bafcf74cfe0a1f0c1fcd76cc1a5400186f2e?s=96&d=mm&r=g","caption":"javiervazquez_5mia2u1h"},"sameAs":["https:\/\/diferenciario.com\/br"]}]}},"_links":{"self":[{"href":"https:\/\/diferenciario.com\/br\/wp-json\/wp\/v2\/posts\/3392","targetHints":{"allow":["GET"]}}],"collection":[{"href":"https:\/\/diferenciario.com\/br\/wp-json\/wp\/v2\/posts"}],"about":[{"href":"https:\/\/diferenciario.com\/br\/wp-json\/wp\/v2\/types\/post"}],"author":[{"embeddable":true,"href":"https:\/\/diferenciario.com\/br\/wp-json\/wp\/v2\/users\/1"}],"replies":[{"embeddable":true,"href":"https:\/\/diferenciario.com\/br\/wp-json\/wp\/v2\/comments?post=3392"}],"version-history":[{"count":1,"href":"https:\/\/diferenciario.com\/br\/wp-json\/wp\/v2\/posts\/3392\/revisions"}],"predecessor-version":[{"id":4998,"href":"https:\/\/diferenciario.com\/br\/wp-json\/wp\/v2\/posts\/3392\/revisions\/4998"}],"wp:attachment":[{"href":"https:\/\/diferenciario.com\/br\/wp-json\/wp\/v2\/media?parent=3392"}],"wp:term":[{"taxonomy":"category","embeddable":true,"href":"https:\/\/diferenciario.com\/br\/wp-json\/wp\/v2\/categories?post=3392"},{"taxonomy":"post_tag","embeddable":true,"href":"https:\/\/diferenciario.com\/br\/wp-json\/wp\/v2\/tags?post=3392"}],"curies":[{"name":"wp","href":"https:\/\/api.w.org\/{rel}","templated":true}]}}