{"id":3393,"date":"2022-02-07T12:08:44","date_gmt":"2022-02-07T12:08:44","guid":{"rendered":"https:\/\/diferenciario.com\/br\/espectro-de-emisso-e-espectro-de-absoro\/"},"modified":"2022-02-07T12:08:44","modified_gmt":"2022-02-07T12:08:44","slug":"espectro-de-emisso-e-espectro-de-absoro","status":"publish","type":"post","link":"https:\/\/diferenciario.com\/br\/espectro-de-emisso-e-espectro-de-absoro\/","title":{"rendered":"Diferen\u00e7a entre Espectro de Emiss\u00e3o e Espectro de Absor\u00e7\u00e3o"},"content":{"rendered":"<p><img loading=\"lazy\" decoding=\"async\" class=\"aligncenter size-full wp-image-2581\" src=\"https:\/\/diferenciario.com\/br\/wp-content\/uploads\/espectro-de-emisso-e-espectro-de-absoro.webp\" alt=\"Diferen\u00e7a entre Espectro de Emiss\u00e3o e Espectro de Absor\u00e7\u00e3o\" width=\"650\" height=\"450\" \/><\/p>\n<div>\n<h2>Principal diferen\u00e7a<\/h2>\n<p>Tudo o que tem alguma relev\u00e2ncia para o campo da f\u00edsica tem dentro de si o fen\u00f4meno eletromagn\u00e9tico. Como eles o atualizam depender\u00e1 do car\u00e1ter do material e da maneira como o analisamos. Diferentes estrat\u00e9gias s\u00e3o utilizadas para definir os espectros de emiss\u00e3o e absor\u00e7\u00e3o, e isso torna o conceito do primeiro entre eles. Os espectros de emiss\u00e3o s\u00e3o descritos como resultado da emiss\u00e3o de radia\u00e7\u00e3o eletromagn\u00e9tica com uma frequ\u00eancia particular. Mas, novamente, os espectros de absor\u00e7\u00e3o ser\u00e3o delineados como resultado da radia\u00e7\u00e3o eletromagn\u00e9tica que a subst\u00e2ncia emite e revelar\u00e3o algumas tens\u00f5es de cor escura que s\u00e3o devido \u00e0 absor\u00e7\u00e3o precisa de comprimentos de onda.<\/p>\n<h2>Quadro comparativo<\/h2>\n<section style=\"width:100%;overflow-x:auto;overflow-y:hidden;\">\n<table>\n<tbody>\n<tr>\n<td><strong>Base de distin\u00e7\u00e3o<\/strong><\/td>\n<td><strong>Espectro de Emiss\u00e3o<\/strong><\/td>\n<td><strong>espectros alotr\u00f3ficos<\/strong><\/td>\n<\/tr>\n<tr>\n<td><strong>Defini\u00e7\u00e3o<\/strong><\/td>\n<td>Os espectros de emiss\u00e3o s\u00e3o descritos como resultado da radia\u00e7\u00e3o eletromagn\u00e9tica que emite.<\/td>\n<td>Os espectros de absor\u00e7\u00e3o ser\u00e3o delineados como resultado da radia\u00e7\u00e3o eletromagn\u00e9tica absorvida pela subst\u00e2ncia.<\/td>\n<\/tr>\n<tr>\n<td><strong>Natureza<\/strong><\/td>\n<td>As volens que ocorrem ao longo dos espectros de emiss\u00e3o geram alguma fa\u00edsca.<\/td>\n<td>As deforma\u00e7\u00f5es que ocorrem ao longo dos espectros de absor\u00e7\u00e3o revelam alguma queda em todo o espectro.<\/td>\n<\/tr>\n<tr>\n<td><strong>Depend\u00eancia<\/strong><\/td>\n<td>A emiss\u00e3o n\u00e3o dependeria dos correspondentes e \u00e9 realizada em qualquer etapa.<\/td>\n<td>A absor\u00e7\u00e3o requer um certo grau de comprimento de onda para que a t\u00e1tica funcione.<\/td>\n<\/tr>\n<tr>\n<td><strong>Cores<\/strong><\/td>\n<td>N\u00e3o tem muitas mudan\u00e7as de cor devido ao foco apenas em um caminho e poucas cores escuras.<\/td>\n<td>As diferentes cores est\u00e3o presentes porque as frequ\u00eancias podem ter suas tens\u00f5es muito pessoais.<\/td>\n<\/tr>\n<tr>\n<td><strong>Visibilidade<\/strong><\/td>\n<td>Vis\u00edvel em muitas faixas de tens\u00f5es de frequ\u00eancia.<\/td>\n<td>Ocorre apenas em frequ\u00eancias que coincidem ao mesmo tempo.<\/td>\n<\/tr>\n<\/tbody>\n<\/table>\n<\/section>\n<h2>Espectro de Emiss\u00e3o<\/h2>\n<p>Os espectros de emiss\u00e3o s\u00e3o descritos como resultado da radia\u00e7\u00e3o eletromagn\u00e9tica que emite. Quando mudamos dentro da via de defini\u00e7\u00e3o mais ampla, torna-se a emiss\u00e3o de frequ\u00eancias de um produto qu\u00edmico ou composto devido ao car\u00e1ter do \u00e1tomo ou mol\u00e9cula mudando de um estado de energia mais alto para um estado de energia mais baixo. As faixas de energia produzidas ao longo dessa transi\u00e7\u00e3o de est\u00e1gio aumentado e inferior s\u00e3o o que chamamos de energia de f\u00f3tons. Mesmo na f\u00edsica, quando uma part\u00edcula \u00e9 retrabalhada para um estado inferior a partir de um estado ainda superior, chamamos de emiss\u00e3o t\u00e1tica, e ocorre com a ajuda de f\u00f3tons e produz energia devido ao trem. Vitalidade em uma base regular \u00e9 gerada igual ao f\u00f3ton para cuidar do equil\u00edbrio. O curso completo come\u00e7a quando os el\u00e9trons dentro de um \u00e1tomo t\u00eam uma certa capacidade de desfrutar, as part\u00edculas s\u00e3o empurradas para orbitais que podem ter maior energia. Quando o estado termina e atinge o est\u00e1gio anterior mais uma vez, o f\u00f3ton ter\u00e1 for\u00e7a total. Nem todas as variedades de cores s\u00e3o produzidas atrav\u00e9s deste programa, o que significa que tipos de frequ\u00eancias semelhantes ocorrem contando com a cor. A radia\u00e7\u00e3o das mol\u00e9culas realiza uma opera\u00e7\u00e3o importante dentro do caminho da t\u00e1tica e a capacidade pode mudar devido \u00e0 rota\u00e7\u00e3o ou vibra\u00e7\u00e3o. Diferentes fen\u00f4menos ser\u00e3o associados ao intervalo de tempo, e um deles \u00e9 a espectroscopia de emiss\u00e3o; Uma an\u00e1lise completa da luz solar \u00e9 realizada e o clima \u00e9 separado principalmente com base nos n\u00edveis de frequ\u00eancia.<\/p>\n<div style=\"text-align:center;margin:0px 0px 15px 0px;\"><\/div>\n<h2>Espectro de absor\u00e7\u00e3o<\/h2>\n<p>Os espectros de absor\u00e7\u00e3o ser\u00e3o delineados como resultado da radia\u00e7\u00e3o eletromagn\u00e9tica emitida pela subst\u00e2ncia e revelar\u00e3o algumas deforma\u00e7\u00f5es de cor escura que se devem \u00e0 absor\u00e7\u00e3o precisa dos comprimentos de onda. O que acontece atrav\u00e9s dessas a\u00e7\u00f5es \u00e9 que a radia\u00e7\u00e3o ser\u00e1 absorvida ao inv\u00e9s de emitida, e devido a esta realidade ocorrem algumas mudan\u00e7as que s\u00e3o completamente diferentes da emiss\u00e3o. A maior ocasi\u00e3o de tal curso \u00e9 a \u00e1gua que n\u00e3o tem nenhuma cor e devido a isso na verdade n\u00e3o teria nenhum espectro de absor\u00e7\u00e3o. Da mesma forma, come\u00e7a a se transformar em uma ocasi\u00e3o diferente que aparece na cor branca e \u00e9 delineada com a ajuda de seu espectro de absor\u00e7\u00e3o. Para dominar toda a t\u00e1tica, vemos que ser\u00e1 utilizada a metodologia da espectroscopia, O espectro de absor\u00e7\u00e3o ser\u00e1 delineado como resultado da radia\u00e7\u00e3o incidente absorvida pelo material com o aux\u00edlio de in\u00fameras frequ\u00eancias. A estrat\u00e9gia de descobri-los torna-se menos complicada em fun\u00e7\u00e3o da composi\u00e7\u00e3o de \u00e1tomos e mol\u00e9culas. A radia\u00e7\u00e3o ser\u00e1 absorvida em faixas onde as frequ\u00eancias coincidem, e assim temos um pensamento quando a t\u00e1tica come\u00e7ar. Este est\u00e1gio em particular se torna a linha de absor\u00e7\u00e3o, onde ocorre o processo de transi\u00e7\u00e3o, enquanto todas as outras cepas s\u00e3o conhecidas como espectro. Tem alguma rela\u00e7\u00e3o com a emiss\u00e3o, por\u00e9m a primeira \u00e9 a frequ\u00eancia no local onde ocorrem, a radia\u00e7\u00e3o n\u00e3o dependeria daquelas que coincidem e ocorre em qualquer est\u00e1gio, ent\u00e3o mais uma vez absor\u00e7\u00e3o requer um certo grau de comprimento de onda para a t\u00e1tica funcionar. fora.<\/p>\n<h2>Principais diferen\u00e7as<\/h2>\n<ol>\n<li>Os espectros de emiss\u00e3o s\u00e3o delineados como resultado da radia\u00e7\u00e3o eletromagn\u00e9tica que frequentemente emite. Mas, novamente, os espectros de absor\u00e7\u00e3o ser\u00e3o delineados como resultado da radia\u00e7\u00e3o eletromagn\u00e9tica que a subst\u00e2ncia emite e revelar\u00e3o algumas deforma\u00e7\u00f5es de cor escura que s\u00e3o devidas \u00e0 absor\u00e7\u00e3o de comprimentos de onda.<\/li>\n<li>As deforma\u00e7\u00f5es que ocorrem ao longo dos espectros de emiss\u00e3o s\u00e3o intensificadas, enquanto as deforma\u00e7\u00f5es que ocorrem ao longo dos espectros de absor\u00e7\u00e3o revelam alguma queda em todo o espectro.<\/li>\n<li>A emiss\u00e3o n\u00e3o dependeria de coincid\u00eancias e ocorre em qualquer est\u00e1gio, ent\u00e3o novamente a absor\u00e7\u00e3o requer algum grau de comprimento de onda para que a t\u00e1tica ocorra.<\/li>\n<li>Quando um \u00e1tomo ou mol\u00e9cula \u00e9 excitado devido \u00e0 alimenta\u00e7\u00e3o externa, ent\u00e3o a capacit\u00e2ncia ser\u00e1 emitida e desencadear\u00e1 o fen\u00f4meno de emiss\u00e3o, enquanto quando um \u00e1tomo ou mol\u00e9cula retornar ao local distinto ap\u00f3s a t\u00e1tica, a radia\u00e7\u00e3o ser\u00e1 absorvida.<\/li>\n<li>O espectro de emiss\u00e3o pode ser visto em muitas faixas de frequ\u00eancias de deforma\u00e7\u00e3o porque n\u00e3o seria baseado em nenhuma coincid\u00eancia, enquanto o espectro de absor\u00e7\u00e3o ocorre apenas nas frequ\u00eancias que coincidem ao mesmo tempo.<\/li>\n<li>Cores diferentes est\u00e3o presentes em todo o espectro de absor\u00e7\u00e3o porque as frequ\u00eancias podem ter suas tens\u00f5es e cores muito pessoais dependendo de sua natureza, ent\u00e3o mais uma vez o espectro de emiss\u00e3o n\u00e3o teria muita mudan\u00e7a de cor devido ao foco apenas em uma estrada e poucas cores escuras.<\/li>\n<\/ol>\n<div style=\"text-align:center;margin:0px 0px 15px 0px;\"><\/div>\n<h2>V\u00eddeo Comparativo<\/h2>\n<p class=\"ayg-error\">Error 403 The request cannot be completed because you have exceeded your <a href=\"\/youtube\/v3\/getting-started#quota\">quota<\/a>. : quotaExceeded<\/p>\n<\/div>\n","protected":false},"excerpt":{"rendered":"<p>Principal diferen\u00e7a Tudo o que tem alguma relev\u00e2ncia para o campo da f\u00edsica tem dentro de si o fen\u00f4meno eletromagn\u00e9tico. Como eles o atualizam depender\u00e1 do car\u00e1ter do material e da maneira como o analisamos. Diferentes estrat\u00e9gias s\u00e3o utilizadas para definir os espectros de emiss\u00e3o e absor\u00e7\u00e3o, e isso torna o conceito do primeiro entre &#8230; <a title=\"Diferen\u00e7a entre Espectro de Emiss\u00e3o e Espectro de Absor\u00e7\u00e3o\" class=\"read-more\" href=\"https:\/\/diferenciario.com\/br\/espectro-de-emisso-e-espectro-de-absoro\/\" aria-label=\"M\u00e1s en Diferen\u00e7a entre Espectro de Emiss\u00e3o e Espectro de Absor\u00e7\u00e3o\">Leia mais<\/a><\/p>\n","protected":false},"author":1,"featured_media":0,"comment_status":"closed","ping_status":"closed","sticky":false,"template":"","format":"standard","meta":{"footnotes":""},"categories":[4169],"tags":[1653,4620],"class_list":["post-3393","post","type-post","status-publish","format-standard","hentry","category-ciencia","tag-espectro-de-absorcao","tag-espectro-de-emissao","no-featured-image-padding"],"yoast_head":"<!-- This site is optimized with the Yoast SEO plugin v19.13 - https:\/\/yoast.com\/wordpress\/plugins\/seo\/ -->\n<title>Diferen\u00e7a entre Espectro de Emiss\u00e3o e Espectro de Absor\u00e7\u00e3o<\/title>\n<meta name=\"description\" content=\"lll\u27a4 Principal diferen\u00e7a Tudo o que tem alguma relev\u00e2ncia para o campo da f\u00edsica tem dentro de si o fen\u00f4meno eletromagn\u00e9tico. Como eles o atualizam depender\u00e1\" \/>\n<meta name=\"robots\" content=\"index, follow, max-snippet:-1, max-image-preview:large, max-video-preview:-1\" \/>\n<link rel=\"canonical\" href=\"https:\/\/diferenciario.com\/br\/espectro-de-emisso-e-espectro-de-absoro\/\" \/>\n<meta property=\"og:locale\" content=\"es_ES\" \/>\n<meta property=\"og:type\" content=\"article\" \/>\n<meta property=\"og:title\" content=\"Diferen\u00e7a entre Espectro de Emiss\u00e3o e Espectro de Absor\u00e7\u00e3o\" \/>\n<meta property=\"og:description\" content=\"lll\u27a4 Principal diferen\u00e7a Tudo o que tem alguma relev\u00e2ncia para o campo da f\u00edsica tem dentro de si o fen\u00f4meno eletromagn\u00e9tico. Como eles o atualizam depender\u00e1\" \/>\n<meta property=\"og:url\" content=\"https:\/\/diferenciario.com\/br\/espectro-de-emisso-e-espectro-de-absoro\/\" \/>\n<meta property=\"og:site_name\" content=\"Diferenciario br\" \/>\n<meta property=\"article:published_time\" content=\"2022-02-07T12:08:44+00:00\" \/>\n<meta property=\"og:image\" content=\"https:\/\/diferenciario.com\/br\/wp-content\/uploads\/espectro-de-emisso-e-espectro-de-absoro.webp\" \/>\n<meta name=\"author\" content=\"javiervazquez_5mia2u1h\" \/>\n<meta name=\"twitter:card\" content=\"summary_large_image\" \/>\n<script type=\"application\/ld+json\" class=\"yoast-schema-graph\">{\"@context\":\"https:\/\/schema.org\",\"@graph\":[{\"@type\":\"Article\",\"@id\":\"https:\/\/diferenciario.com\/br\/espectro-de-emisso-e-espectro-de-absoro\/#article\",\"isPartOf\":{\"@id\":\"https:\/\/diferenciario.com\/br\/espectro-de-emisso-e-espectro-de-absoro\/\"},\"author\":{\"name\":\"javiervazquez_5mia2u1h\",\"@id\":\"https:\/\/diferenciario.com\/br\/#\/schema\/person\/56d044ad3bc3481dd45252b40b46ac75\"},\"headline\":\"Diferen\u00e7a entre Espectro de Emiss\u00e3o e Espectro de Absor\u00e7\u00e3o\",\"datePublished\":\"2022-02-07T12:08:44+00:00\",\"dateModified\":\"2022-02-07T12:08:44+00:00\",\"mainEntityOfPage\":{\"@id\":\"https:\/\/diferenciario.com\/br\/espectro-de-emisso-e-espectro-de-absoro\/\"},\"wordCount\":1226,\"publisher\":{\"@id\":\"https:\/\/diferenciario.com\/br\/#organization\"},\"keywords\":[\"Espectro de absor\u00e7\u00e3o\",\"Espectro de Emiss\u00e3o\"],\"articleSection\":[\"Ci\u00eancia\"],\"inLanguage\":\"es\"},{\"@type\":\"WebPage\",\"@id\":\"https:\/\/diferenciario.com\/br\/espectro-de-emisso-e-espectro-de-absoro\/\",\"url\":\"https:\/\/diferenciario.com\/br\/espectro-de-emisso-e-espectro-de-absoro\/\",\"name\":\"Diferen\u00e7a entre Espectro de Emiss\u00e3o e Espectro de Absor\u00e7\u00e3o\",\"isPartOf\":{\"@id\":\"https:\/\/diferenciario.com\/br\/#website\"},\"datePublished\":\"2022-02-07T12:08:44+00:00\",\"dateModified\":\"2022-02-07T12:08:44+00:00\",\"description\":\"lll\u27a4 Principal diferen\u00e7a Tudo o que tem alguma relev\u00e2ncia para o campo da f\u00edsica tem dentro de si o fen\u00f4meno eletromagn\u00e9tico. Como eles o atualizam depender\u00e1\",\"breadcrumb\":{\"@id\":\"https:\/\/diferenciario.com\/br\/espectro-de-emisso-e-espectro-de-absoro\/#breadcrumb\"},\"inLanguage\":\"es\",\"potentialAction\":[{\"@type\":\"ReadAction\",\"target\":[\"https:\/\/diferenciario.com\/br\/espectro-de-emisso-e-espectro-de-absoro\/\"]}]},{\"@type\":\"BreadcrumbList\",\"@id\":\"https:\/\/diferenciario.com\/br\/espectro-de-emisso-e-espectro-de-absoro\/#breadcrumb\",\"itemListElement\":[{\"@type\":\"ListItem\",\"position\":1,\"name\":\"Home\",\"item\":\"https:\/\/diferenciario.com\/br\/\"},{\"@type\":\"ListItem\",\"position\":2,\"name\":\"Diferen\u00e7a entre Espectro de Emiss\u00e3o e Espectro de Absor\u00e7\u00e3o\"}]},{\"@type\":\"WebSite\",\"@id\":\"https:\/\/diferenciario.com\/br\/#website\",\"url\":\"https:\/\/diferenciario.com\/br\/\",\"name\":\"Diferenciario br\",\"description\":\"\",\"publisher\":{\"@id\":\"https:\/\/diferenciario.com\/br\/#organization\"},\"potentialAction\":[{\"@type\":\"SearchAction\",\"target\":{\"@type\":\"EntryPoint\",\"urlTemplate\":\"https:\/\/diferenciario.com\/br\/?s={search_term_string}\"},\"query-input\":\"required name=search_term_string\"}],\"inLanguage\":\"es\"},{\"@type\":\"Organization\",\"@id\":\"https:\/\/diferenciario.com\/br\/#organization\",\"name\":\"Diferenciario br\",\"url\":\"https:\/\/diferenciario.com\/br\/\",\"logo\":{\"@type\":\"ImageObject\",\"inLanguage\":\"es\",\"@id\":\"https:\/\/diferenciario.com\/br\/#\/schema\/logo\/image\/\",\"url\":\"https:\/\/diferenciario.com\/br\/wp-content\/uploads\/logo-diferenciario-brazil.webp\",\"contentUrl\":\"https:\/\/diferenciario.com\/br\/wp-content\/uploads\/logo-diferenciario-brazil.webp\",\"width\":225,\"height\":33,\"caption\":\"Diferenciario br\"},\"image\":{\"@id\":\"https:\/\/diferenciario.com\/br\/#\/schema\/logo\/image\/\"}},{\"@type\":\"Person\",\"@id\":\"https:\/\/diferenciario.com\/br\/#\/schema\/person\/56d044ad3bc3481dd45252b40b46ac75\",\"name\":\"javiervazquez_5mia2u1h\",\"image\":{\"@type\":\"ImageObject\",\"inLanguage\":\"es\",\"@id\":\"https:\/\/diferenciario.com\/br\/#\/schema\/person\/image\/\",\"url\":\"https:\/\/secure.gravatar.com\/avatar\/8826c6e0d313911ff94b887c5c66bafcf74cfe0a1f0c1fcd76cc1a5400186f2e?s=96&d=mm&r=g\",\"contentUrl\":\"https:\/\/secure.gravatar.com\/avatar\/8826c6e0d313911ff94b887c5c66bafcf74cfe0a1f0c1fcd76cc1a5400186f2e?s=96&d=mm&r=g\",\"caption\":\"javiervazquez_5mia2u1h\"},\"sameAs\":[\"https:\/\/diferenciario.com\/br\"]}]}<\/script>\n<!-- \/ Yoast SEO plugin. -->","yoast_head_json":{"title":"Diferen\u00e7a entre Espectro de Emiss\u00e3o e Espectro de Absor\u00e7\u00e3o","description":"lll\u27a4 Principal diferen\u00e7a Tudo o que tem alguma relev\u00e2ncia para o campo da f\u00edsica tem dentro de si o fen\u00f4meno eletromagn\u00e9tico. Como eles o atualizam depender\u00e1","robots":{"index":"index","follow":"follow","max-snippet":"max-snippet:-1","max-image-preview":"max-image-preview:large","max-video-preview":"max-video-preview:-1"},"canonical":"https:\/\/diferenciario.com\/br\/espectro-de-emisso-e-espectro-de-absoro\/","og_locale":"es_ES","og_type":"article","og_title":"Diferen\u00e7a entre Espectro de Emiss\u00e3o e Espectro de Absor\u00e7\u00e3o","og_description":"lll\u27a4 Principal diferen\u00e7a Tudo o que tem alguma relev\u00e2ncia para o campo da f\u00edsica tem dentro de si o fen\u00f4meno eletromagn\u00e9tico. Como eles o atualizam depender\u00e1","og_url":"https:\/\/diferenciario.com\/br\/espectro-de-emisso-e-espectro-de-absoro\/","og_site_name":"Diferenciario br","article_published_time":"2022-02-07T12:08:44+00:00","og_image":[{"url":"https:\/\/diferenciario.com\/br\/wp-content\/uploads\/espectro-de-emisso-e-espectro-de-absoro.webp"}],"author":"javiervazquez_5mia2u1h","twitter_card":"summary_large_image","schema":{"@context":"https:\/\/schema.org","@graph":[{"@type":"Article","@id":"https:\/\/diferenciario.com\/br\/espectro-de-emisso-e-espectro-de-absoro\/#article","isPartOf":{"@id":"https:\/\/diferenciario.com\/br\/espectro-de-emisso-e-espectro-de-absoro\/"},"author":{"name":"javiervazquez_5mia2u1h","@id":"https:\/\/diferenciario.com\/br\/#\/schema\/person\/56d044ad3bc3481dd45252b40b46ac75"},"headline":"Diferen\u00e7a entre Espectro de Emiss\u00e3o e Espectro de Absor\u00e7\u00e3o","datePublished":"2022-02-07T12:08:44+00:00","dateModified":"2022-02-07T12:08:44+00:00","mainEntityOfPage":{"@id":"https:\/\/diferenciario.com\/br\/espectro-de-emisso-e-espectro-de-absoro\/"},"wordCount":1226,"publisher":{"@id":"https:\/\/diferenciario.com\/br\/#organization"},"keywords":["Espectro de absor\u00e7\u00e3o","Espectro de Emiss\u00e3o"],"articleSection":["Ci\u00eancia"],"inLanguage":"es"},{"@type":"WebPage","@id":"https:\/\/diferenciario.com\/br\/espectro-de-emisso-e-espectro-de-absoro\/","url":"https:\/\/diferenciario.com\/br\/espectro-de-emisso-e-espectro-de-absoro\/","name":"Diferen\u00e7a entre Espectro de Emiss\u00e3o e Espectro de Absor\u00e7\u00e3o","isPartOf":{"@id":"https:\/\/diferenciario.com\/br\/#website"},"datePublished":"2022-02-07T12:08:44+00:00","dateModified":"2022-02-07T12:08:44+00:00","description":"lll\u27a4 Principal diferen\u00e7a Tudo o que tem alguma relev\u00e2ncia para o campo da f\u00edsica tem dentro de si o fen\u00f4meno eletromagn\u00e9tico. Como eles o atualizam depender\u00e1","breadcrumb":{"@id":"https:\/\/diferenciario.com\/br\/espectro-de-emisso-e-espectro-de-absoro\/#breadcrumb"},"inLanguage":"es","potentialAction":[{"@type":"ReadAction","target":["https:\/\/diferenciario.com\/br\/espectro-de-emisso-e-espectro-de-absoro\/"]}]},{"@type":"BreadcrumbList","@id":"https:\/\/diferenciario.com\/br\/espectro-de-emisso-e-espectro-de-absoro\/#breadcrumb","itemListElement":[{"@type":"ListItem","position":1,"name":"Home","item":"https:\/\/diferenciario.com\/br\/"},{"@type":"ListItem","position":2,"name":"Diferen\u00e7a entre Espectro de Emiss\u00e3o e Espectro de Absor\u00e7\u00e3o"}]},{"@type":"WebSite","@id":"https:\/\/diferenciario.com\/br\/#website","url":"https:\/\/diferenciario.com\/br\/","name":"Diferenciario br","description":"","publisher":{"@id":"https:\/\/diferenciario.com\/br\/#organization"},"potentialAction":[{"@type":"SearchAction","target":{"@type":"EntryPoint","urlTemplate":"https:\/\/diferenciario.com\/br\/?s={search_term_string}"},"query-input":"required name=search_term_string"}],"inLanguage":"es"},{"@type":"Organization","@id":"https:\/\/diferenciario.com\/br\/#organization","name":"Diferenciario br","url":"https:\/\/diferenciario.com\/br\/","logo":{"@type":"ImageObject","inLanguage":"es","@id":"https:\/\/diferenciario.com\/br\/#\/schema\/logo\/image\/","url":"https:\/\/diferenciario.com\/br\/wp-content\/uploads\/logo-diferenciario-brazil.webp","contentUrl":"https:\/\/diferenciario.com\/br\/wp-content\/uploads\/logo-diferenciario-brazil.webp","width":225,"height":33,"caption":"Diferenciario br"},"image":{"@id":"https:\/\/diferenciario.com\/br\/#\/schema\/logo\/image\/"}},{"@type":"Person","@id":"https:\/\/diferenciario.com\/br\/#\/schema\/person\/56d044ad3bc3481dd45252b40b46ac75","name":"javiervazquez_5mia2u1h","image":{"@type":"ImageObject","inLanguage":"es","@id":"https:\/\/diferenciario.com\/br\/#\/schema\/person\/image\/","url":"https:\/\/secure.gravatar.com\/avatar\/8826c6e0d313911ff94b887c5c66bafcf74cfe0a1f0c1fcd76cc1a5400186f2e?s=96&d=mm&r=g","contentUrl":"https:\/\/secure.gravatar.com\/avatar\/8826c6e0d313911ff94b887c5c66bafcf74cfe0a1f0c1fcd76cc1a5400186f2e?s=96&d=mm&r=g","caption":"javiervazquez_5mia2u1h"},"sameAs":["https:\/\/diferenciario.com\/br"]}]}},"_links":{"self":[{"href":"https:\/\/diferenciario.com\/br\/wp-json\/wp\/v2\/posts\/3393","targetHints":{"allow":["GET"]}}],"collection":[{"href":"https:\/\/diferenciario.com\/br\/wp-json\/wp\/v2\/posts"}],"about":[{"href":"https:\/\/diferenciario.com\/br\/wp-json\/wp\/v2\/types\/post"}],"author":[{"embeddable":true,"href":"https:\/\/diferenciario.com\/br\/wp-json\/wp\/v2\/users\/1"}],"replies":[{"embeddable":true,"href":"https:\/\/diferenciario.com\/br\/wp-json\/wp\/v2\/comments?post=3393"}],"version-history":[{"count":0,"href":"https:\/\/diferenciario.com\/br\/wp-json\/wp\/v2\/posts\/3393\/revisions"}],"wp:attachment":[{"href":"https:\/\/diferenciario.com\/br\/wp-json\/wp\/v2\/media?parent=3393"}],"wp:term":[{"taxonomy":"category","embeddable":true,"href":"https:\/\/diferenciario.com\/br\/wp-json\/wp\/v2\/categories?post=3393"},{"taxonomy":"post_tag","embeddable":true,"href":"https:\/\/diferenciario.com\/br\/wp-json\/wp\/v2\/tags?post=3393"}],"curies":[{"name":"wp","href":"https:\/\/api.w.org\/{rel}","templated":true}]}}