{"id":3465,"date":"2021-12-15T12:43:04","date_gmt":"2021-12-15T12:43:04","guid":{"rendered":"https:\/\/diferenciario.com\/br\/fase-g1-e-fase-g2\/"},"modified":"2021-12-15T12:43:04","modified_gmt":"2021-12-15T12:43:04","slug":"fase-g1-e-fase-g2","status":"publish","type":"post","link":"https:\/\/diferenciario.com\/br\/fase-g1-e-fase-g2\/","title":{"rendered":"Diferen\u00e7a entre a fase G1 e a fase G2"},"content":{"rendered":"<p><img loading=\"lazy\" decoding=\"async\" class=\"aligncenter size-full wp-image-2581\" src=\"https:\/\/diferenciario.com\/br\/wp-content\/uploads\/fase-g1-e-fase-g2.webp\" alt=\"Diferen\u00e7a entre a fase G1 e a fase G2\" width=\"650\" height=\"450\" \/><\/p>\n<div>\n<h2>Principal diferen\u00e7a<\/h2>\n<p>A divis\u00e3o ou reprodu\u00e7\u00e3o \u00e9 uma necessidade b\u00e1sica e fun\u00e7\u00e3o de uma c\u00e9lula. A divis\u00e3o celular \u00e9 de dois tipos, mitose e meiose. Esta divis\u00e3o tamb\u00e9m possui subetapas ou etapas, uma dessas etapas \u00e9 a interface na qual tamb\u00e9m est\u00e3o inclu\u00eddas a fase G1 e a fase G2. A fase G1 tamb\u00e9m \u00e9 conhecida como fase Gap 1. \u00c9 a primeira subfase na interfase do ciclo celular observada na divis\u00e3o celular eucari\u00f3tica. Nesta fase, o RNA mensageiro (mRNA) e as prote\u00ednas s\u00e3o sintetizados na c\u00e9lula em prepara\u00e7\u00e3o para a mitose. A fase G1 \u00e9 a fase mais longa do ciclo celular, enquanto a fase G2 ou fase Gap 2 \u00e9 a segunda subfase ou est\u00e1gio de interfase no ciclo celular ap\u00f3s a mitose. A fase G2 segue a conclus\u00e3o adequada da fase S do ciclo celular durante qual o DNA de uma c\u00e9lula se replica.<\/p>\n<h2>Quadro comparativo<\/h2>\n<section style=\"width:100%;overflow-x:auto;overflow-y:hidden;\">\n<table>\n<tbody>\n<tr>\n<td><\/td>\n<td><strong>Fase G1<\/strong><\/td>\n<td><strong>Fase G2<\/strong><\/td>\n<\/tr>\n<tr>\n<td><strong>etapa de interface<\/strong><\/td>\n<td>A fase G1 tamb\u00e9m \u00e9 conhecida como fase Gap 1 e \u00e9 a primeira subetapa na interfase do ciclo celular.<\/td>\n<td>A fase G2 tamb\u00e9m \u00e9 conhecida como fase Gap 2 e \u00e9 a segunda subetapa na interfase do ciclo celular.<\/td>\n<\/tr>\n<tr>\n<td><strong>tempo gasto<\/strong><\/td>\n<td>A fase G1 \u00e9 um processo longo.<\/td>\n<td>A fase G2 \u00e9 um processo mais curto em compara\u00e7\u00e3o com a fase G1.<\/td>\n<\/tr>\n<tr>\n<td><strong>Leva a<\/strong><\/td>\n<td>A fase G1 leva \u00e0 fase S.<\/td>\n<td>A fase G2 indica a conclus\u00e3o sucessiva da fase S.<\/td>\n<\/tr>\n<tr>\n<td><strong>organelas<\/strong><\/td>\n<td>Na fase G1, h\u00e1 um aumento no tamanho da c\u00e9lula, mas a organela n\u00e3o aumenta em n\u00famero.<\/td>\n<td>Na fase G2, o tamanho das c\u00e9lulas em que o n\u00facleo tamb\u00e9m cresce aumenta, quase todas as organelas celulares aumentam em n\u00famero.<\/td>\n<\/tr>\n<tr>\n<td><strong>Fun\u00e7\u00e3o principal<\/strong><\/td>\n<td>Na fase G1, ocorre aqui a s\u00edntese de RNA e prote\u00ednas \u00fateis (histonas) que s\u00e3o necess\u00e1rias para a s\u00edntese de DNA e outros processos na c\u00e9lula.<\/td>\n<td>Na fase G2, os RNAs e prote\u00ednas necess\u00e1rios para a forma\u00e7\u00e3o do fuso s\u00e3o sintetizados.<\/td>\n<\/tr>\n<\/tbody>\n<\/table>\n<\/section>\n<h2>O que \u00e9 a Fase G1?<\/h2>\n<p>A fase G1 tamb\u00e9m \u00e9 conhecida como fase Gap 1. \u00c9 a primeira subetapa na interfase do ciclo celular. \u00c9 um processo longo em compara\u00e7\u00e3o com a fase G2. Na fase G1, h\u00e1 um aumento no tamanho da c\u00e9lula, mas a organela n\u00e3o aumenta em n\u00famero. Nesse estado, ocorre a s\u00edntese de RNA e prote\u00ednas \u00fateis (histonas) que s\u00e3o necess\u00e1rias para a s\u00edntese de DNA e outros processos na c\u00e9lula. A fase G1 em seguida leva \u00e0 fase S. O tempo m\u00e9dio para a fase G1 \u00e9 de at\u00e9 18 horas, podendo variar de c\u00e9lula para c\u00e9lula. Al\u00e9m disso, a fase G1 tem muitos fatores dos quais depende. Esses fatores tamb\u00e9m s\u00e3o chamados de fatores de crescimento, como ambiente celular, temperatura, suprimento de nutrientes, prote\u00ednas e amino\u00e1cidos, etc. A temperatura ideal para o crescimento adequado \u00e9 de 37 graus C (98,6 graus F).<\/p>\n<h2>O que \u00e9 a Fase G2?<\/h2>\n<p>A fase G2 tamb\u00e9m \u00e9 conhecida como fase Gap 2. \u00c9 a segunda subetapa na interfase do ciclo celular. \u00c9 um processo mais curto em compara\u00e7\u00e3o com a fase G1. Na fase G2, h\u00e1 r\u00e1pido crescimento celular e s\u00edntese proteica. Esta fase n\u00e3o \u00e9 a parte necess\u00e1ria do ciclo celular, mas permite que a c\u00e9lula esteja totalmente preparada para a mitose. A fase G2 indica a conclus\u00e3o sucessiva da fase S, na qual ocorre a replica\u00e7\u00e3o do DNA. O tamanho da c\u00e9lula em que o n\u00facleo tamb\u00e9m cresce aumenta, quase todas as organelas celulares aumentam em n\u00famero. Os RNAs e prote\u00ednas necess\u00e1rios para a forma\u00e7\u00e3o do fuso s\u00e3o sintetizados nesta fase. A fase G2 termina como pr\u00f3fase (primeira etapa da mitose) e \u00e9 regulada pela pr\u00f3pria c\u00e9lula, pois tudo depende da informa\u00e7\u00e3o gen\u00e9tica da c\u00e9lula.<\/p>\n<h2>Fase G1 vs. Fase G2<\/h2>\n<ul>\n<li>A fase G1 tamb\u00e9m \u00e9 conhecida como fase Gap 1, e \u00e9 a primeira subetapa na interfase do ciclo celular, enquanto a fase G2 tamb\u00e9m \u00e9 conhecida como fase Gap 2 e \u00e9 a segunda subetapa na interfase da c\u00e9lula.<\/li>\n<li>A fase G1 \u00e9 um processo longo, enquanto a fase G2 \u00e9 um processo mais curto em compara\u00e7\u00e3o com a fase G1.<\/li>\n<li>A fase G1 leva \u00e0 fase S, enquanto a fase G2 indica a conclus\u00e3o sucessiva da fase S.<\/li>\n<li>Na fase G1, h\u00e1 um aumento no tamanho da c\u00e9lula, mas a organela n\u00e3o aumenta em n\u00famero, por outro lado, na fase G2 o tamanho da c\u00e9lula aumenta em que o n\u00facleo tamb\u00e9m cresce, quase todas as organelas celulares aumentam em n\u00famero.<\/li>\n<li>Na fase G1, ocorre aqui a s\u00edntese de RNA e prote\u00ednas \u00fateis (histonas) que s\u00e3o necess\u00e1rias para a s\u00edntese de DNA e outros processos na c\u00e9lula, enquanto na fase G2, s\u00e3o sintetizados RNA e prote\u00ednas necess\u00e1rias para a forma\u00e7\u00e3o do fuso.<\/li>\n<\/ul>\n<div style=\"text-align:center;margin:0px 0px 15px 0px;\"><\/div>\n<h2>V\u00eddeo Comparativo<\/h2>\n<p class=\"ayg-error\">Error 403 The request cannot be completed because you have exceeded your <a href=\"\/youtube\/v3\/getting-started#quota\">quota<\/a>. : quotaExceeded<\/p>\n<\/div>\n","protected":false},"excerpt":{"rendered":"<p>Principal diferen\u00e7a A divis\u00e3o ou reprodu\u00e7\u00e3o \u00e9 uma necessidade b\u00e1sica e fun\u00e7\u00e3o de uma c\u00e9lula. A divis\u00e3o celular \u00e9 de dois tipos, mitose e meiose. Esta divis\u00e3o tamb\u00e9m possui subetapas ou etapas, uma dessas etapas \u00e9 a interface na qual tamb\u00e9m est\u00e3o inclu\u00eddas a fase G1 e a fase G2. A fase G1 tamb\u00e9m \u00e9 &#8230; <a title=\"Diferen\u00e7a entre a fase G1 e a fase G2\" class=\"read-more\" href=\"https:\/\/diferenciario.com\/br\/fase-g1-e-fase-g2\/\" aria-label=\"M\u00e1s en Diferen\u00e7a entre a fase G1 e a fase G2\">Leia mais<\/a><\/p>\n","protected":false},"author":1,"featured_media":0,"comment_status":"closed","ping_status":"closed","sticky":false,"template":"","format":"standard","meta":{"footnotes":""},"categories":[126],"tags":[1796,1797],"class_list":["post-3465","post","type-post","status-publish","format-standard","hentry","category-pessoas","tag-fase-g1","tag-fase-g2","no-featured-image-padding"],"yoast_head":"<!-- This site is optimized with the Yoast SEO plugin v19.13 - https:\/\/yoast.com\/wordpress\/plugins\/seo\/ -->\n<title>Diferen\u00e7a entre a fase G1 e a fase G2<\/title>\n<meta name=\"description\" content=\"lll\u27a4 Principal diferen\u00e7a A divis\u00e3o ou reprodu\u00e7\u00e3o \u00e9 uma necessidade b\u00e1sica e fun\u00e7\u00e3o de uma c\u00e9lula. A divis\u00e3o celular \u00e9 de dois tipos, mitose e meiose. Esta\" \/>\n<meta name=\"robots\" content=\"index, follow, max-snippet:-1, max-image-preview:large, max-video-preview:-1\" \/>\n<link rel=\"canonical\" href=\"https:\/\/diferenciario.com\/br\/fase-g1-e-fase-g2\/\" \/>\n<meta property=\"og:locale\" content=\"es_ES\" \/>\n<meta property=\"og:type\" content=\"article\" \/>\n<meta property=\"og:title\" content=\"Diferen\u00e7a entre a fase G1 e a fase G2\" \/>\n<meta property=\"og:description\" content=\"lll\u27a4 Principal diferen\u00e7a A divis\u00e3o ou reprodu\u00e7\u00e3o \u00e9 uma necessidade b\u00e1sica e fun\u00e7\u00e3o de uma c\u00e9lula. A divis\u00e3o celular \u00e9 de dois tipos, mitose e meiose. Esta\" \/>\n<meta property=\"og:url\" content=\"https:\/\/diferenciario.com\/br\/fase-g1-e-fase-g2\/\" \/>\n<meta property=\"og:site_name\" content=\"Diferenciario br\" \/>\n<meta property=\"article:published_time\" content=\"2021-12-15T12:43:04+00:00\" \/>\n<meta property=\"og:image\" content=\"https:\/\/diferenciario.com\/br\/wp-content\/uploads\/fase-g1-e-fase-g2.webp\" \/>\n<meta name=\"author\" content=\"javiervazquez_5mia2u1h\" \/>\n<meta name=\"twitter:card\" content=\"summary_large_image\" \/>\n<script type=\"application\/ld+json\" class=\"yoast-schema-graph\">{\"@context\":\"https:\/\/schema.org\",\"@graph\":[{\"@type\":\"Article\",\"@id\":\"https:\/\/diferenciario.com\/br\/fase-g1-e-fase-g2\/#article\",\"isPartOf\":{\"@id\":\"https:\/\/diferenciario.com\/br\/fase-g1-e-fase-g2\/\"},\"author\":{\"name\":\"javiervazquez_5mia2u1h\",\"@id\":\"https:\/\/diferenciario.com\/br\/#\/schema\/person\/56d044ad3bc3481dd45252b40b46ac75\"},\"headline\":\"Diferen\u00e7a entre a fase G1 e a fase G2\",\"datePublished\":\"2021-12-15T12:43:04+00:00\",\"dateModified\":\"2021-12-15T12:43:04+00:00\",\"mainEntityOfPage\":{\"@id\":\"https:\/\/diferenciario.com\/br\/fase-g1-e-fase-g2\/\"},\"wordCount\":881,\"publisher\":{\"@id\":\"https:\/\/diferenciario.com\/br\/#organization\"},\"keywords\":[\"Fase G1\",\"Fase G2\"],\"articleSection\":[\"Pessoas\"],\"inLanguage\":\"es\"},{\"@type\":\"WebPage\",\"@id\":\"https:\/\/diferenciario.com\/br\/fase-g1-e-fase-g2\/\",\"url\":\"https:\/\/diferenciario.com\/br\/fase-g1-e-fase-g2\/\",\"name\":\"Diferen\u00e7a entre a fase G1 e a fase G2\",\"isPartOf\":{\"@id\":\"https:\/\/diferenciario.com\/br\/#website\"},\"datePublished\":\"2021-12-15T12:43:04+00:00\",\"dateModified\":\"2021-12-15T12:43:04+00:00\",\"description\":\"lll\u27a4 Principal diferen\u00e7a A divis\u00e3o ou reprodu\u00e7\u00e3o \u00e9 uma necessidade b\u00e1sica e fun\u00e7\u00e3o de uma c\u00e9lula. A divis\u00e3o celular \u00e9 de dois tipos, mitose e meiose. Esta\",\"breadcrumb\":{\"@id\":\"https:\/\/diferenciario.com\/br\/fase-g1-e-fase-g2\/#breadcrumb\"},\"inLanguage\":\"es\",\"potentialAction\":[{\"@type\":\"ReadAction\",\"target\":[\"https:\/\/diferenciario.com\/br\/fase-g1-e-fase-g2\/\"]}]},{\"@type\":\"BreadcrumbList\",\"@id\":\"https:\/\/diferenciario.com\/br\/fase-g1-e-fase-g2\/#breadcrumb\",\"itemListElement\":[{\"@type\":\"ListItem\",\"position\":1,\"name\":\"Home\",\"item\":\"https:\/\/diferenciario.com\/br\/\"},{\"@type\":\"ListItem\",\"position\":2,\"name\":\"Diferen\u00e7a entre a fase G1 e a fase G2\"}]},{\"@type\":\"WebSite\",\"@id\":\"https:\/\/diferenciario.com\/br\/#website\",\"url\":\"https:\/\/diferenciario.com\/br\/\",\"name\":\"Diferenciario br\",\"description\":\"\",\"publisher\":{\"@id\":\"https:\/\/diferenciario.com\/br\/#organization\"},\"potentialAction\":[{\"@type\":\"SearchAction\",\"target\":{\"@type\":\"EntryPoint\",\"urlTemplate\":\"https:\/\/diferenciario.com\/br\/?s={search_term_string}\"},\"query-input\":\"required name=search_term_string\"}],\"inLanguage\":\"es\"},{\"@type\":\"Organization\",\"@id\":\"https:\/\/diferenciario.com\/br\/#organization\",\"name\":\"Diferenciario br\",\"url\":\"https:\/\/diferenciario.com\/br\/\",\"logo\":{\"@type\":\"ImageObject\",\"inLanguage\":\"es\",\"@id\":\"https:\/\/diferenciario.com\/br\/#\/schema\/logo\/image\/\",\"url\":\"https:\/\/diferenciario.com\/br\/wp-content\/uploads\/logo-diferenciario-brazil.webp\",\"contentUrl\":\"https:\/\/diferenciario.com\/br\/wp-content\/uploads\/logo-diferenciario-brazil.webp\",\"width\":225,\"height\":33,\"caption\":\"Diferenciario br\"},\"image\":{\"@id\":\"https:\/\/diferenciario.com\/br\/#\/schema\/logo\/image\/\"}},{\"@type\":\"Person\",\"@id\":\"https:\/\/diferenciario.com\/br\/#\/schema\/person\/56d044ad3bc3481dd45252b40b46ac75\",\"name\":\"javiervazquez_5mia2u1h\",\"image\":{\"@type\":\"ImageObject\",\"inLanguage\":\"es\",\"@id\":\"https:\/\/diferenciario.com\/br\/#\/schema\/person\/image\/\",\"url\":\"https:\/\/secure.gravatar.com\/avatar\/8826c6e0d313911ff94b887c5c66bafcf74cfe0a1f0c1fcd76cc1a5400186f2e?s=96&d=mm&r=g\",\"contentUrl\":\"https:\/\/secure.gravatar.com\/avatar\/8826c6e0d313911ff94b887c5c66bafcf74cfe0a1f0c1fcd76cc1a5400186f2e?s=96&d=mm&r=g\",\"caption\":\"javiervazquez_5mia2u1h\"},\"sameAs\":[\"https:\/\/diferenciario.com\/br\"]}]}<\/script>\n<!-- \/ Yoast SEO plugin. -->","yoast_head_json":{"title":"Diferen\u00e7a entre a fase G1 e a fase G2","description":"lll\u27a4 Principal diferen\u00e7a A divis\u00e3o ou reprodu\u00e7\u00e3o \u00e9 uma necessidade b\u00e1sica e fun\u00e7\u00e3o de uma c\u00e9lula. A divis\u00e3o celular \u00e9 de dois tipos, mitose e meiose. Esta","robots":{"index":"index","follow":"follow","max-snippet":"max-snippet:-1","max-image-preview":"max-image-preview:large","max-video-preview":"max-video-preview:-1"},"canonical":"https:\/\/diferenciario.com\/br\/fase-g1-e-fase-g2\/","og_locale":"es_ES","og_type":"article","og_title":"Diferen\u00e7a entre a fase G1 e a fase G2","og_description":"lll\u27a4 Principal diferen\u00e7a A divis\u00e3o ou reprodu\u00e7\u00e3o \u00e9 uma necessidade b\u00e1sica e fun\u00e7\u00e3o de uma c\u00e9lula. A divis\u00e3o celular \u00e9 de dois tipos, mitose e meiose. Esta","og_url":"https:\/\/diferenciario.com\/br\/fase-g1-e-fase-g2\/","og_site_name":"Diferenciario br","article_published_time":"2021-12-15T12:43:04+00:00","og_image":[{"url":"https:\/\/diferenciario.com\/br\/wp-content\/uploads\/fase-g1-e-fase-g2.webp"}],"author":"javiervazquez_5mia2u1h","twitter_card":"summary_large_image","schema":{"@context":"https:\/\/schema.org","@graph":[{"@type":"Article","@id":"https:\/\/diferenciario.com\/br\/fase-g1-e-fase-g2\/#article","isPartOf":{"@id":"https:\/\/diferenciario.com\/br\/fase-g1-e-fase-g2\/"},"author":{"name":"javiervazquez_5mia2u1h","@id":"https:\/\/diferenciario.com\/br\/#\/schema\/person\/56d044ad3bc3481dd45252b40b46ac75"},"headline":"Diferen\u00e7a entre a fase G1 e a fase G2","datePublished":"2021-12-15T12:43:04+00:00","dateModified":"2021-12-15T12:43:04+00:00","mainEntityOfPage":{"@id":"https:\/\/diferenciario.com\/br\/fase-g1-e-fase-g2\/"},"wordCount":881,"publisher":{"@id":"https:\/\/diferenciario.com\/br\/#organization"},"keywords":["Fase G1","Fase G2"],"articleSection":["Pessoas"],"inLanguage":"es"},{"@type":"WebPage","@id":"https:\/\/diferenciario.com\/br\/fase-g1-e-fase-g2\/","url":"https:\/\/diferenciario.com\/br\/fase-g1-e-fase-g2\/","name":"Diferen\u00e7a entre a fase G1 e a fase G2","isPartOf":{"@id":"https:\/\/diferenciario.com\/br\/#website"},"datePublished":"2021-12-15T12:43:04+00:00","dateModified":"2021-12-15T12:43:04+00:00","description":"lll\u27a4 Principal diferen\u00e7a A divis\u00e3o ou reprodu\u00e7\u00e3o \u00e9 uma necessidade b\u00e1sica e fun\u00e7\u00e3o de uma c\u00e9lula. A divis\u00e3o celular \u00e9 de dois tipos, mitose e meiose. Esta","breadcrumb":{"@id":"https:\/\/diferenciario.com\/br\/fase-g1-e-fase-g2\/#breadcrumb"},"inLanguage":"es","potentialAction":[{"@type":"ReadAction","target":["https:\/\/diferenciario.com\/br\/fase-g1-e-fase-g2\/"]}]},{"@type":"BreadcrumbList","@id":"https:\/\/diferenciario.com\/br\/fase-g1-e-fase-g2\/#breadcrumb","itemListElement":[{"@type":"ListItem","position":1,"name":"Home","item":"https:\/\/diferenciario.com\/br\/"},{"@type":"ListItem","position":2,"name":"Diferen\u00e7a entre a fase G1 e a fase G2"}]},{"@type":"WebSite","@id":"https:\/\/diferenciario.com\/br\/#website","url":"https:\/\/diferenciario.com\/br\/","name":"Diferenciario br","description":"","publisher":{"@id":"https:\/\/diferenciario.com\/br\/#organization"},"potentialAction":[{"@type":"SearchAction","target":{"@type":"EntryPoint","urlTemplate":"https:\/\/diferenciario.com\/br\/?s={search_term_string}"},"query-input":"required name=search_term_string"}],"inLanguage":"es"},{"@type":"Organization","@id":"https:\/\/diferenciario.com\/br\/#organization","name":"Diferenciario br","url":"https:\/\/diferenciario.com\/br\/","logo":{"@type":"ImageObject","inLanguage":"es","@id":"https:\/\/diferenciario.com\/br\/#\/schema\/logo\/image\/","url":"https:\/\/diferenciario.com\/br\/wp-content\/uploads\/logo-diferenciario-brazil.webp","contentUrl":"https:\/\/diferenciario.com\/br\/wp-content\/uploads\/logo-diferenciario-brazil.webp","width":225,"height":33,"caption":"Diferenciario br"},"image":{"@id":"https:\/\/diferenciario.com\/br\/#\/schema\/logo\/image\/"}},{"@type":"Person","@id":"https:\/\/diferenciario.com\/br\/#\/schema\/person\/56d044ad3bc3481dd45252b40b46ac75","name":"javiervazquez_5mia2u1h","image":{"@type":"ImageObject","inLanguage":"es","@id":"https:\/\/diferenciario.com\/br\/#\/schema\/person\/image\/","url":"https:\/\/secure.gravatar.com\/avatar\/8826c6e0d313911ff94b887c5c66bafcf74cfe0a1f0c1fcd76cc1a5400186f2e?s=96&d=mm&r=g","contentUrl":"https:\/\/secure.gravatar.com\/avatar\/8826c6e0d313911ff94b887c5c66bafcf74cfe0a1f0c1fcd76cc1a5400186f2e?s=96&d=mm&r=g","caption":"javiervazquez_5mia2u1h"},"sameAs":["https:\/\/diferenciario.com\/br"]}]}},"_links":{"self":[{"href":"https:\/\/diferenciario.com\/br\/wp-json\/wp\/v2\/posts\/3465","targetHints":{"allow":["GET"]}}],"collection":[{"href":"https:\/\/diferenciario.com\/br\/wp-json\/wp\/v2\/posts"}],"about":[{"href":"https:\/\/diferenciario.com\/br\/wp-json\/wp\/v2\/types\/post"}],"author":[{"embeddable":true,"href":"https:\/\/diferenciario.com\/br\/wp-json\/wp\/v2\/users\/1"}],"replies":[{"embeddable":true,"href":"https:\/\/diferenciario.com\/br\/wp-json\/wp\/v2\/comments?post=3465"}],"version-history":[{"count":0,"href":"https:\/\/diferenciario.com\/br\/wp-json\/wp\/v2\/posts\/3465\/revisions"}],"wp:attachment":[{"href":"https:\/\/diferenciario.com\/br\/wp-json\/wp\/v2\/media?parent=3465"}],"wp:term":[{"taxonomy":"category","embeddable":true,"href":"https:\/\/diferenciario.com\/br\/wp-json\/wp\/v2\/categories?post=3465"},{"taxonomy":"post_tag","embeddable":true,"href":"https:\/\/diferenciario.com\/br\/wp-json\/wp\/v2\/tags?post=3465"}],"curies":[{"name":"wp","href":"https:\/\/api.w.org\/{rel}","templated":true}]}}