{"id":3635,"date":"2021-09-20T20:18:47","date_gmt":"2021-09-20T20:18:47","guid":{"rendered":"https:\/\/diferenciario.com\/br\/gyri-e-sulci\/"},"modified":"2021-09-20T20:18:47","modified_gmt":"2021-09-20T20:18:47","slug":"gyri-e-sulci","status":"publish","type":"post","link":"https:\/\/diferenciario.com\/br\/gyri-e-sulci\/","title":{"rendered":"Diferen\u00e7a entre Gyri e Sulci"},"content":{"rendered":"<p><img loading=\"lazy\" decoding=\"async\" class=\"aligncenter size-full wp-image-2581\" src=\"https:\/\/diferenciario.com\/br\/wp-content\/uploads\/gyri-e-sulci.webp\" alt=\"Diferen\u00e7a entre Gyri e Sulci\" width=\"650\" height=\"450\" \/><\/p>\n<div>\n<h2>Principal diferen\u00e7a<\/h2>\n<p>Gryi s\u00e3o as dobras ou superf\u00edcies duras presentes na superf\u00edcie do c\u00e9rebro e tem duas reentr\u00e2ncias no c\u00e9rebro. Por outro lado, os Sulcos s\u00e3o os sulcos ou sulcos presentes na superf\u00edcie do c\u00e9rebro e ajudam na realiza\u00e7\u00e3o de diferentes tarefas.<\/p>\n<h2>Quadro comparativo<\/h2>\n<section style=\"width:100%;overflow-x:auto;overflow-y:hidden;\">\n<table>\n<tbody>\n<tr>\n<td><strong>Base<\/strong><\/td>\n<td><strong>giro<\/strong><\/td>\n<td><strong>sulcos<\/strong><\/td>\n<\/tr>\n<tr>\n<td><strong>Defini\u00e7\u00e3o<\/strong><\/td>\n<td>As dobras ou superf\u00edcies duras ocorrem na superf\u00edcie do c\u00e9rebro e tem duas reentr\u00e2ncias no c\u00e9rebro.<\/td>\n<td>Sulcos ou sulcos ocorrem na superf\u00edcie do c\u00e9rebro e ajudam a realizar diferentes tarefas.<\/td>\n<\/tr>\n<tr>\n<td><strong>Beneficiar<\/strong><\/td>\n<td>Ambos existentes para construir o territ\u00f3rio da superf\u00edcie do c\u00f3rtex cerebral.<\/td>\n<td>Ambas as a\u00e7\u00f5es permitem que mais neur\u00f4nios sejam empurrados para o c\u00f3rtex e desenvolvam a capacidade da mente de processar dados.<\/td>\n<\/tr>\n<tr>\n<td><strong>Exemplo<\/strong><\/td>\n<td>Giros frontais superior, m\u00e9dio e inferior, giros pr\u00e9-central e p\u00f3s-central, giros temporais superior e m\u00e9dio.<\/td>\n<td>Sulcos frontais superior e inferior, sulco central, sulcos temporais superior e inferior.<\/td>\n<\/tr>\n<tr>\n<td><strong>Localiza\u00e7\u00e3o<\/strong><\/td>\n<td>superf\u00edcie externa.<\/td>\n<td>Entre as voltas.<\/td>\n<\/tr>\n<\/tbody>\n<\/table>\n<\/section>\n<h2>O que \u00e9 Gry?<\/h2>\n<p>Gryi s\u00e3o as dobras ou superf\u00edcies duras presentes na superf\u00edcie do c\u00e9rebro e tem duas reentr\u00e2ncias no c\u00e9rebro. Ele tem principalmente outras partes que ajudam a proteg\u00ea-lo de danos externos e internos e, portanto, vem com muitos recursos complicados. Os giros s\u00e3o uma pe\u00e7a de um arranjo de dobras e bordas que criam uma \u00e1rea de superf\u00edcie maior para a mente humana e outros c\u00e9rebros de mam\u00edferos. Como o c\u00e9rebro est\u00e1 ligado ao cr\u00e2nio, o tamanho do c\u00e9rebro \u00e9 limitado. As bordas e dep\u00f3sitos formam dobras que permitem que uma \u00e1rea de superf\u00edcie cortical maior e uma capacidade psicol\u00f3gica mais not\u00e1vel existam dentro dos limites de um cr\u00e2nio menor. O c\u00e9rebro humano sofre girifica\u00e7\u00e3o em meio \u00e0 melhora fetal e neonatal. No desenvolvimento embrion\u00e1rio, todos os c\u00e9rebros de mam\u00edferos come\u00e7am como estruturas lisas derivadas do tubo neural. Um c\u00f3rtex cerebral sem circunvolu\u00e7\u00f5es superficiais \u00e9 lisencef\u00e1lico, que significa \u00abc\u00e9rebro liso\u00bb. \u00c0 medida que o aprimoramento prossegue, giros e sulcos come\u00e7am a frutificar no c\u00e9rebro fetal, com espa\u00e7os e sulcos que se espalham criando na superf\u00edcie do c\u00f3rtex. As altera\u00e7\u00f5es na estrutura dos giros do c\u00f3rtex cerebral est\u00e3o relacionadas a diferentes doen\u00e7as e grupos. Paquigiria, lisencefalia e polimicrogiria s\u00e3o todas consequ\u00eancias de uma reloca\u00e7\u00e3o celular bizarra relacionada \u00e0 engenharia celular desordenada, incapacidade de enquadrar seis camadas de neur\u00f4nios corticais (um c\u00f3rtex de quatro camadas \u00e9 normal) e problemas pr\u00e1ticos. Desenvolvimento irregular tipicamente associado \u00e0 epilepsia e disfun\u00e7\u00e3o mental. com espa\u00e7os e arestas que se estendem criando na superf\u00edcie da casca. As altera\u00e7\u00f5es na estrutura dos giros do c\u00f3rtex cerebral est\u00e3o relacionadas a diferentes doen\u00e7as e grupos. Paquigiria, lisencefalia e polimicrogiria s\u00e3o todas consequ\u00eancias de uma reloca\u00e7\u00e3o celular bizarra relacionada \u00e0 engenharia celular desordenada, incapacidade de enquadrar seis camadas de neur\u00f4nios corticais (um c\u00f3rtex de quatro camadas \u00e9 normal) e problemas pr\u00e1ticos. Desenvolvimento irregular tipicamente associado \u00e0 epilepsia e disfun\u00e7\u00e3o mental. com espa\u00e7os e arestas que se estendem criando na superf\u00edcie da casca. As altera\u00e7\u00f5es na estrutura dos giros do c\u00f3rtex cerebral est\u00e3o relacionadas a diferentes doen\u00e7as e grupos. Paquigiria, lisencefalia e polimicrogiria s\u00e3o todas consequ\u00eancias de uma reloca\u00e7\u00e3o celular bizarra relacionada \u00e0 engenharia celular desordenada, incapacidade de enquadrar seis camadas de neur\u00f4nios corticais (um c\u00f3rtex de quatro camadas \u00e9 normal) e problemas pr\u00e1ticos. Desenvolvimento irregular tipicamente associado \u00e0 epilepsia e disfun\u00e7\u00e3o mental. incapacidade de enquadrar seis camadas de neur\u00f4nios corticais (um c\u00f3rtex de quatro camadas \u00e9 normal) e problemas pr\u00e1ticos. Desenvolvimento irregular tipicamente associado \u00e0 epilepsia e disfun\u00e7\u00e3o mental. incapacidade de enquadrar seis camadas de neur\u00f4nios corticais (um c\u00f3rtex de quatro camadas \u00e9 normal) e problemas pr\u00e1ticos.<\/p>\n<h2>O que \u00e9 Sulci?<\/h2>\n<p>Os sulcos s\u00e3o os sulcos ou ranhuras presentes na superf\u00edcie do c\u00e9rebro e ajudam a realizar diferentes tarefas, existem entre as circunvolu\u00e7\u00f5es do c\u00e9rebro e t\u00eam origens diferentes. Os sulcos s\u00e3o uma das tr\u00eas se\u00e7\u00f5es do c\u00f3rtex cerebral, sendo as outras os giros e as fissuras. As tr\u00eas partes \u00fanicas formam uma regi\u00e3o de superf\u00edcie maior para a mente humana e outros c\u00e9rebros de mam\u00edferos. Olhando para o esp\u00edrito humano, 66% da superf\u00edcie \u00e9 coberta pelas ranhuras. Os sulcos e entalhes s\u00e3o entalhes na casca, mas s\u00e3o separados por tamanho. Um sulco \u00e9 um sulco mais raso que abrange uma curva. Um espa\u00e7o \u00e9 uma ruga substancial que divide o c\u00e9rebro em proje\u00e7\u00f5es e ainda nas duas metades do globo, assim como a fenda longitudinal m\u00e9dia. Por\u00e9m, esta classifica\u00e7\u00e3o n\u00e3o \u00e9 clara. Por exemplo, o sulco lateral tamb\u00e9m \u00e9 chamado de fenda paralela ou fenda silviana, e o sulco focal tamb\u00e9m \u00e9 chamado de fenda central ou fenda rol\u00e2ndica. O colapso produzido pelos sulcos e giros expande o territ\u00f3rio da superf\u00edcie do c\u00f3rtex, o que significa que uma medida maior do c\u00f3rtex cerebral pode caber dentro do volume do cr\u00e2nio. Assim, a capacidade dos sulcos \u00e9 expandir o tamanho dos neur\u00f4nios corticais e, nesse sentido, aumentar o \u00abpoder de manuseio\u00bb. \u00c0 medida que o territ\u00f3rio da superf\u00edcie do c\u00e9rebro \u00e9 constru\u00eddo, mais capacidades se tornam conceb\u00edveis. significando que uma medida mais not\u00e1vel do c\u00f3rtex cerebral pode caber dentro do volume do cr\u00e2nio. Portanto, a capacidade dos sulcos \u00e9 expandir o tamanho dos neur\u00f4nios corticais e, nesse sentido, aumentar o \u00abpoder de manuseio\u00bb. \u00c0 medida que o territ\u00f3rio da superf\u00edcie do c\u00e9rebro \u00e9 constru\u00eddo, mais capacidades se tornam conceb\u00edveis. significando que uma medida mais not\u00e1vel do c\u00f3rtex cerebral pode caber dentro do volume do cr\u00e2nio. Assim, a capacidade dos sulcos \u00e9 expandir o tamanho dos neur\u00f4nios corticais e, nesse sentido, aumentar o \u00abpoder de manuseio\u00bb. \u00c0 medida que o territ\u00f3rio da superf\u00edcie do c\u00e9rebro \u00e9 constru\u00eddo, mais capacidades se tornam conceb\u00edveis. significando que uma medida mais not\u00e1vel do c\u00f3rtex cerebral pode caber dentro do volume do cr\u00e2nio. Assim, a capacidade dos sulcos \u00e9 expandir o tamanho dos neur\u00f4nios corticais e, nesse sentido, aumentar o \u00abpoder de manuseio\u00bb. \u00c0 medida que o territ\u00f3rio da superf\u00edcie do c\u00e9rebro \u00e9 constru\u00eddo, mais capacidades se tornam conceb\u00edveis. significando que uma medida mais not\u00e1vel do c\u00f3rtex cerebral pode caber dentro do volume do cr\u00e2nio. Assim, a capacidade dos sulcos \u00e9 expandir o tamanho dos neur\u00f4nios corticais e, nesse sentido, aumentar o \u00abpoder de manuseio\u00bb. \u00c0 medida que o territ\u00f3rio da superf\u00edcie do c\u00e9rebro \u00e9 constru\u00eddo, mais capacidades se tornam conceb\u00edveis.<\/p>\n<h2>Principais diferen\u00e7as<\/h2>\n<ol>\n<li>Gryi s\u00e3o as dobras ou superf\u00edcies duras presentes na superf\u00edcie do c\u00e9rebro e tem duas reentr\u00e2ncias no c\u00e9rebro. Por outro lado, os Sulcos s\u00e3o os sulcos ou sulcos presentes na superf\u00edcie do c\u00e9rebro e ajudam na realiza\u00e7\u00e3o de diferentes tarefas.<\/li>\n<li>Esses giros e sulcos ajudam a construir o territ\u00f3rio da superf\u00edcie do c\u00f3rtex cerebral. Essa a\u00e7\u00e3o permite que mais neur\u00f4nios sejam pressionados no c\u00f3rtex e desenvolve a capacidade da mente de processar dados.<\/li>\n<li>Os giros e sulcos tamb\u00e9m enquadram as divis\u00f5es do c\u00e9rebro, delimitando as proje\u00e7\u00f5es da mente e separando o c\u00e9rebro em duas metades do globo.<\/li>\n<li>Alguns dos exemplos originais de sulcos tornam-se sulcos frontais superior e inferior frontal, sulcus centralis, sulcus temporalis superior e inferior, e outros. Por outro lado, poucos exemplos de giros se tornam giros frontais superior, m\u00e9dio e inferior, giros pr\u00e9-central e p\u00f3s-central, giros temporais superior e m\u00e9dio.<\/li>\n<li>As voltas s\u00e3o colocadas na superf\u00edcie externa e ajudam a proteger as ranhuras, por outro lado, esta \u00faltima n\u00e3o protege nada e tem sua localiza\u00e7\u00e3o entre as voltas.<\/li>\n<li>O c\u00f3rtex cerebral colaps\u00e1vel cria esses sulcos e sulcos que servem para separar \u00e1reas do c\u00e9rebro e aumentar a capacidade mental atrav\u00e9s de giros e sulcos.<\/li>\n<\/ol>\n<div style=\"text-align:center;margin:0px 0px 15px 0px;\"><\/div>\n<\/div>\n","protected":false},"excerpt":{"rendered":"<p>Principal diferen\u00e7a Gryi s\u00e3o as dobras ou superf\u00edcies duras presentes na superf\u00edcie do c\u00e9rebro e tem duas reentr\u00e2ncias no c\u00e9rebro. Por outro lado, os Sulcos s\u00e3o os sulcos ou sulcos presentes na superf\u00edcie do c\u00e9rebro e ajudam na realiza\u00e7\u00e3o de diferentes tarefas. Quadro comparativo Base giro sulcos Defini\u00e7\u00e3o As dobras ou superf\u00edcies duras ocorrem na &#8230; <a title=\"Diferen\u00e7a entre Gyri e Sulci\" class=\"read-more\" href=\"https:\/\/diferenciario.com\/br\/gyri-e-sulci\/\" aria-label=\"M\u00e1s en Diferen\u00e7a entre Gyri e Sulci\">Leia mais<\/a><\/p>\n","protected":false},"author":1,"featured_media":0,"comment_status":"closed","ping_status":"closed","sticky":false,"template":"","format":"standard","meta":{"footnotes":""},"categories":[31],"tags":[2117,2118],"class_list":["post-3635","post","type-post","status-publish","format-standard","hentry","category-biologia","tag-gyri","tag-sulci","no-featured-image-padding"],"yoast_head":"<!-- This site is optimized with the Yoast SEO plugin v19.13 - https:\/\/yoast.com\/wordpress\/plugins\/seo\/ -->\n<title>Diferen\u00e7a entre Gyri e Sulci<\/title>\n<meta name=\"description\" content=\"lll\u27a4 Principal diferen\u00e7a Gryi s\u00e3o as dobras ou superf\u00edcies duras presentes na superf\u00edcie do c\u00e9rebro e tem duas reentr\u00e2ncias no c\u00e9rebro. Por outro lado, os\" \/>\n<meta name=\"robots\" content=\"index, follow, max-snippet:-1, max-image-preview:large, max-video-preview:-1\" \/>\n<link rel=\"canonical\" href=\"https:\/\/diferenciario.com\/br\/gyri-e-sulci\/\" \/>\n<meta property=\"og:locale\" content=\"es_ES\" \/>\n<meta property=\"og:type\" content=\"article\" \/>\n<meta property=\"og:title\" content=\"Diferen\u00e7a entre Gyri e Sulci\" \/>\n<meta property=\"og:description\" content=\"lll\u27a4 Principal diferen\u00e7a Gryi s\u00e3o as dobras ou superf\u00edcies duras presentes na superf\u00edcie do c\u00e9rebro e tem duas reentr\u00e2ncias no c\u00e9rebro. Por outro lado, os\" \/>\n<meta property=\"og:url\" content=\"https:\/\/diferenciario.com\/br\/gyri-e-sulci\/\" \/>\n<meta property=\"og:site_name\" content=\"Diferenciario br\" \/>\n<meta property=\"article:published_time\" content=\"2021-09-20T20:18:47+00:00\" \/>\n<meta property=\"og:image\" content=\"https:\/\/diferenciario.com\/br\/wp-content\/uploads\/gyri-e-sulci.webp\" \/>\n<meta name=\"author\" content=\"javiervazquez_5mia2u1h\" \/>\n<meta name=\"twitter:card\" content=\"summary_large_image\" \/>\n<script type=\"application\/ld+json\" class=\"yoast-schema-graph\">{\"@context\":\"https:\/\/schema.org\",\"@graph\":[{\"@type\":\"Article\",\"@id\":\"https:\/\/diferenciario.com\/br\/gyri-e-sulci\/#article\",\"isPartOf\":{\"@id\":\"https:\/\/diferenciario.com\/br\/gyri-e-sulci\/\"},\"author\":{\"name\":\"javiervazquez_5mia2u1h\",\"@id\":\"https:\/\/diferenciario.com\/br\/#\/schema\/person\/56d044ad3bc3481dd45252b40b46ac75\"},\"headline\":\"Diferen\u00e7a entre Gyri e Sulci\",\"datePublished\":\"2021-09-20T20:18:47+00:00\",\"dateModified\":\"2021-09-20T20:18:47+00:00\",\"mainEntityOfPage\":{\"@id\":\"https:\/\/diferenciario.com\/br\/gyri-e-sulci\/\"},\"wordCount\":1397,\"publisher\":{\"@id\":\"https:\/\/diferenciario.com\/br\/#organization\"},\"keywords\":[\"Gyri\",\"Sulci\"],\"articleSection\":[\"Biologia\"],\"inLanguage\":\"es\"},{\"@type\":\"WebPage\",\"@id\":\"https:\/\/diferenciario.com\/br\/gyri-e-sulci\/\",\"url\":\"https:\/\/diferenciario.com\/br\/gyri-e-sulci\/\",\"name\":\"Diferen\u00e7a entre Gyri e Sulci\",\"isPartOf\":{\"@id\":\"https:\/\/diferenciario.com\/br\/#website\"},\"datePublished\":\"2021-09-20T20:18:47+00:00\",\"dateModified\":\"2021-09-20T20:18:47+00:00\",\"description\":\"lll\u27a4 Principal diferen\u00e7a Gryi s\u00e3o as dobras ou superf\u00edcies duras presentes na superf\u00edcie do c\u00e9rebro e tem duas reentr\u00e2ncias no c\u00e9rebro. Por outro lado, os\",\"breadcrumb\":{\"@id\":\"https:\/\/diferenciario.com\/br\/gyri-e-sulci\/#breadcrumb\"},\"inLanguage\":\"es\",\"potentialAction\":[{\"@type\":\"ReadAction\",\"target\":[\"https:\/\/diferenciario.com\/br\/gyri-e-sulci\/\"]}]},{\"@type\":\"BreadcrumbList\",\"@id\":\"https:\/\/diferenciario.com\/br\/gyri-e-sulci\/#breadcrumb\",\"itemListElement\":[{\"@type\":\"ListItem\",\"position\":1,\"name\":\"Home\",\"item\":\"https:\/\/diferenciario.com\/br\/\"},{\"@type\":\"ListItem\",\"position\":2,\"name\":\"Diferen\u00e7a entre Gyri e Sulci\"}]},{\"@type\":\"WebSite\",\"@id\":\"https:\/\/diferenciario.com\/br\/#website\",\"url\":\"https:\/\/diferenciario.com\/br\/\",\"name\":\"Diferenciario br\",\"description\":\"\",\"publisher\":{\"@id\":\"https:\/\/diferenciario.com\/br\/#organization\"},\"potentialAction\":[{\"@type\":\"SearchAction\",\"target\":{\"@type\":\"EntryPoint\",\"urlTemplate\":\"https:\/\/diferenciario.com\/br\/?s={search_term_string}\"},\"query-input\":\"required name=search_term_string\"}],\"inLanguage\":\"es\"},{\"@type\":\"Organization\",\"@id\":\"https:\/\/diferenciario.com\/br\/#organization\",\"name\":\"Diferenciario br\",\"url\":\"https:\/\/diferenciario.com\/br\/\",\"logo\":{\"@type\":\"ImageObject\",\"inLanguage\":\"es\",\"@id\":\"https:\/\/diferenciario.com\/br\/#\/schema\/logo\/image\/\",\"url\":\"https:\/\/diferenciario.com\/br\/wp-content\/uploads\/logo-diferenciario-brazil.webp\",\"contentUrl\":\"https:\/\/diferenciario.com\/br\/wp-content\/uploads\/logo-diferenciario-brazil.webp\",\"width\":225,\"height\":33,\"caption\":\"Diferenciario br\"},\"image\":{\"@id\":\"https:\/\/diferenciario.com\/br\/#\/schema\/logo\/image\/\"}},{\"@type\":\"Person\",\"@id\":\"https:\/\/diferenciario.com\/br\/#\/schema\/person\/56d044ad3bc3481dd45252b40b46ac75\",\"name\":\"javiervazquez_5mia2u1h\",\"image\":{\"@type\":\"ImageObject\",\"inLanguage\":\"es\",\"@id\":\"https:\/\/diferenciario.com\/br\/#\/schema\/person\/image\/\",\"url\":\"https:\/\/secure.gravatar.com\/avatar\/8826c6e0d313911ff94b887c5c66bafcf74cfe0a1f0c1fcd76cc1a5400186f2e?s=96&d=mm&r=g\",\"contentUrl\":\"https:\/\/secure.gravatar.com\/avatar\/8826c6e0d313911ff94b887c5c66bafcf74cfe0a1f0c1fcd76cc1a5400186f2e?s=96&d=mm&r=g\",\"caption\":\"javiervazquez_5mia2u1h\"},\"sameAs\":[\"https:\/\/diferenciario.com\/br\"]}]}<\/script>\n<!-- \/ Yoast SEO plugin. -->","yoast_head_json":{"title":"Diferen\u00e7a entre Gyri e Sulci","description":"lll\u27a4 Principal diferen\u00e7a Gryi s\u00e3o as dobras ou superf\u00edcies duras presentes na superf\u00edcie do c\u00e9rebro e tem duas reentr\u00e2ncias no c\u00e9rebro. Por outro lado, os","robots":{"index":"index","follow":"follow","max-snippet":"max-snippet:-1","max-image-preview":"max-image-preview:large","max-video-preview":"max-video-preview:-1"},"canonical":"https:\/\/diferenciario.com\/br\/gyri-e-sulci\/","og_locale":"es_ES","og_type":"article","og_title":"Diferen\u00e7a entre Gyri e Sulci","og_description":"lll\u27a4 Principal diferen\u00e7a Gryi s\u00e3o as dobras ou superf\u00edcies duras presentes na superf\u00edcie do c\u00e9rebro e tem duas reentr\u00e2ncias no c\u00e9rebro. Por outro lado, os","og_url":"https:\/\/diferenciario.com\/br\/gyri-e-sulci\/","og_site_name":"Diferenciario br","article_published_time":"2021-09-20T20:18:47+00:00","og_image":[{"url":"https:\/\/diferenciario.com\/br\/wp-content\/uploads\/gyri-e-sulci.webp"}],"author":"javiervazquez_5mia2u1h","twitter_card":"summary_large_image","schema":{"@context":"https:\/\/schema.org","@graph":[{"@type":"Article","@id":"https:\/\/diferenciario.com\/br\/gyri-e-sulci\/#article","isPartOf":{"@id":"https:\/\/diferenciario.com\/br\/gyri-e-sulci\/"},"author":{"name":"javiervazquez_5mia2u1h","@id":"https:\/\/diferenciario.com\/br\/#\/schema\/person\/56d044ad3bc3481dd45252b40b46ac75"},"headline":"Diferen\u00e7a entre Gyri e Sulci","datePublished":"2021-09-20T20:18:47+00:00","dateModified":"2021-09-20T20:18:47+00:00","mainEntityOfPage":{"@id":"https:\/\/diferenciario.com\/br\/gyri-e-sulci\/"},"wordCount":1397,"publisher":{"@id":"https:\/\/diferenciario.com\/br\/#organization"},"keywords":["Gyri","Sulci"],"articleSection":["Biologia"],"inLanguage":"es"},{"@type":"WebPage","@id":"https:\/\/diferenciario.com\/br\/gyri-e-sulci\/","url":"https:\/\/diferenciario.com\/br\/gyri-e-sulci\/","name":"Diferen\u00e7a entre Gyri e Sulci","isPartOf":{"@id":"https:\/\/diferenciario.com\/br\/#website"},"datePublished":"2021-09-20T20:18:47+00:00","dateModified":"2021-09-20T20:18:47+00:00","description":"lll\u27a4 Principal diferen\u00e7a Gryi s\u00e3o as dobras ou superf\u00edcies duras presentes na superf\u00edcie do c\u00e9rebro e tem duas reentr\u00e2ncias no c\u00e9rebro. Por outro lado, os","breadcrumb":{"@id":"https:\/\/diferenciario.com\/br\/gyri-e-sulci\/#breadcrumb"},"inLanguage":"es","potentialAction":[{"@type":"ReadAction","target":["https:\/\/diferenciario.com\/br\/gyri-e-sulci\/"]}]},{"@type":"BreadcrumbList","@id":"https:\/\/diferenciario.com\/br\/gyri-e-sulci\/#breadcrumb","itemListElement":[{"@type":"ListItem","position":1,"name":"Home","item":"https:\/\/diferenciario.com\/br\/"},{"@type":"ListItem","position":2,"name":"Diferen\u00e7a entre Gyri e Sulci"}]},{"@type":"WebSite","@id":"https:\/\/diferenciario.com\/br\/#website","url":"https:\/\/diferenciario.com\/br\/","name":"Diferenciario br","description":"","publisher":{"@id":"https:\/\/diferenciario.com\/br\/#organization"},"potentialAction":[{"@type":"SearchAction","target":{"@type":"EntryPoint","urlTemplate":"https:\/\/diferenciario.com\/br\/?s={search_term_string}"},"query-input":"required name=search_term_string"}],"inLanguage":"es"},{"@type":"Organization","@id":"https:\/\/diferenciario.com\/br\/#organization","name":"Diferenciario br","url":"https:\/\/diferenciario.com\/br\/","logo":{"@type":"ImageObject","inLanguage":"es","@id":"https:\/\/diferenciario.com\/br\/#\/schema\/logo\/image\/","url":"https:\/\/diferenciario.com\/br\/wp-content\/uploads\/logo-diferenciario-brazil.webp","contentUrl":"https:\/\/diferenciario.com\/br\/wp-content\/uploads\/logo-diferenciario-brazil.webp","width":225,"height":33,"caption":"Diferenciario br"},"image":{"@id":"https:\/\/diferenciario.com\/br\/#\/schema\/logo\/image\/"}},{"@type":"Person","@id":"https:\/\/diferenciario.com\/br\/#\/schema\/person\/56d044ad3bc3481dd45252b40b46ac75","name":"javiervazquez_5mia2u1h","image":{"@type":"ImageObject","inLanguage":"es","@id":"https:\/\/diferenciario.com\/br\/#\/schema\/person\/image\/","url":"https:\/\/secure.gravatar.com\/avatar\/8826c6e0d313911ff94b887c5c66bafcf74cfe0a1f0c1fcd76cc1a5400186f2e?s=96&d=mm&r=g","contentUrl":"https:\/\/secure.gravatar.com\/avatar\/8826c6e0d313911ff94b887c5c66bafcf74cfe0a1f0c1fcd76cc1a5400186f2e?s=96&d=mm&r=g","caption":"javiervazquez_5mia2u1h"},"sameAs":["https:\/\/diferenciario.com\/br"]}]}},"_links":{"self":[{"href":"https:\/\/diferenciario.com\/br\/wp-json\/wp\/v2\/posts\/3635","targetHints":{"allow":["GET"]}}],"collection":[{"href":"https:\/\/diferenciario.com\/br\/wp-json\/wp\/v2\/posts"}],"about":[{"href":"https:\/\/diferenciario.com\/br\/wp-json\/wp\/v2\/types\/post"}],"author":[{"embeddable":true,"href":"https:\/\/diferenciario.com\/br\/wp-json\/wp\/v2\/users\/1"}],"replies":[{"embeddable":true,"href":"https:\/\/diferenciario.com\/br\/wp-json\/wp\/v2\/comments?post=3635"}],"version-history":[{"count":0,"href":"https:\/\/diferenciario.com\/br\/wp-json\/wp\/v2\/posts\/3635\/revisions"}],"wp:attachment":[{"href":"https:\/\/diferenciario.com\/br\/wp-json\/wp\/v2\/media?parent=3635"}],"wp:term":[{"taxonomy":"category","embeddable":true,"href":"https:\/\/diferenciario.com\/br\/wp-json\/wp\/v2\/categories?post=3635"},{"taxonomy":"post_tag","embeddable":true,"href":"https:\/\/diferenciario.com\/br\/wp-json\/wp\/v2\/tags?post=3635"}],"curies":[{"name":"wp","href":"https:\/\/api.w.org\/{rel}","templated":true}]}}