{"id":4176,"date":"2021-11-13T11:16:54","date_gmt":"2021-11-13T11:16:54","guid":{"rendered":"https:\/\/diferenciario.com\/br\/o-nome-da-empresa-e-o-nome-comercial\/"},"modified":"2021-11-13T11:16:54","modified_gmt":"2021-11-13T11:16:54","slug":"o-nome-da-empresa-e-o-nome-comercial","status":"publish","type":"post","link":"https:\/\/diferenciario.com\/br\/o-nome-da-empresa-e-o-nome-comercial\/","title":{"rendered":"Diferen\u00e7a entre o nome da empresa e o nome comercial"},"content":{"rendered":"<p><img loading=\"lazy\" decoding=\"async\" class=\"aligncenter size-full wp-image-2581\" src=\"https:\/\/diferenciario.com\/br\/wp-content\/uploads\/o-nome-da-empresa-e-o-nome-comercial.webp\" alt=\"Diferen\u00e7a entre o nome da empresa e o nome comercial\" width=\"650\" height=\"450\" \/><\/p>\n<div>\n<h2>Principal diferen\u00e7a<\/h2>\n<p>Geralmente, todos usam o termo empresa como empresa e empresa como empresa, mas h\u00e1 uma diferen\u00e7a principal entre eles: o nome da empresa \u00e9 o nome completo da pessoa jur\u00eddica, enquanto o registro do nome comercial \u00e9 obrigat\u00f3rio se qualquer outra pessoa ou s\u00f3cio continuou. outro neg\u00f3cio que n\u00e3o seja o seu nome.<\/p>\n<h2>Qual \u00e9 o nome da empresa?<\/h2>\n<p>O nome da empresa \u00e9 o nome completo da entidade legal. Tornou-se uma entidade legal separada devido \u00e0 constitui\u00e7\u00e3o da empresa e por isso \u00e9 separada e diferente das pessoas que a dirigem. Os requisitos de registro de empresas estabelecem o \u201cCRO\u201d, que significa Cart\u00f3rio de Registro de Empresas. Para um nome aceit\u00e1vel, o nome da empresa deve ser distinto de outro nome de empresa e n\u00e3o deve ser amb\u00edguo ou violento, caso contr\u00e1rio, \u00e9 considerado ilegal. A legisla\u00e7\u00e3o societ\u00e1ria garante que o nome de uma empresa inclua sufixos apropriados, como limitada, privada limitada e p\u00fablica limitada, para confirmar que as entidades que negociam com a empresa est\u00e3o cientes de seu status legal. De acordo com a se\u00e7\u00e3o 144 da Lei das Sociedades de 1963, que estabelece que toda a sociedade deve exibir o seu nome fora de cada escrit\u00f3rio ou local onde tenha exercido a sua actividade comercial. em.<\/p>\n<h2>Qual \u00e9 o nome comercial?<\/h2>\n<p>O registro do nome comercial \u00e9 obrigat\u00f3rio e deve ser registrado se qualquer outra pessoa ou parceiro realizar neg\u00f3cios que n\u00e3o sejam em seu nome que os diferencie da Empresa e revele que o neg\u00f3cio \u00e9 p\u00fablico. Quem det\u00e9m o nome comercial \u00e9 respons\u00e1vel pelas responsabilidades assumidas sob esse nome. Uma entidade autorizada n\u00e3o \u00e9 formada e, portanto, n\u00e3o h\u00e1 restri\u00e7\u00e3o de responsabilidade. O nome comercial n\u00e3o tem acionistas, diretores e muitas das obriga\u00e7\u00f5es legais que se aplicam \u00e0s corpora\u00e7\u00f5es n\u00e3o se aplicam aos nomes comerciais. As empresas s\u00e3o obrigadas a registrar seus nomes comerciais sob a Lei de Registro Comercial de 1963. Os requisitos de nome comercial s\u00e3o estabelecidos pelo CRO para registro.<\/p>\n<h2>Principais diferen\u00e7as<\/h2>\n<ol>\n<li>O nome da empresa \u00e9 uma entidade legal completa, enquanto o nome da empresa \u00e9 obrigat\u00f3rio.<\/li>\n<li>Na empresa, a restri\u00e7\u00e3o de responsabilidades est\u00e1 presente, enquanto no neg\u00f3cio devido a uma entidade n\u00e3o autorizada, n\u00e3o h\u00e1 restri\u00e7\u00e3o de responsabilidade.<\/li>\n<li>A empresa tem uma escala mais ampla, enquanto a empresa \u00e9 uma empresa pr\u00f3pria.<\/li>\n<li>No final da entidade Empresa est\u00e1 escrito como Pvt Ltd, enquanto em Neg\u00f3cios n\u00e3o existe tal sufixo.<\/li>\n<li>A empresa enfrenta mais regulamenta\u00e7\u00f5es governamentais em compara\u00e7\u00e3o com as empresas.<\/li>\n<\/ol>\n<\/div>\n","protected":false},"excerpt":{"rendered":"<p>Principal diferen\u00e7a Geralmente, todos usam o termo empresa como empresa e empresa como empresa, mas h\u00e1 uma diferen\u00e7a principal entre eles: o nome da empresa \u00e9 o nome completo da pessoa jur\u00eddica, enquanto o registro do nome comercial \u00e9 obrigat\u00f3rio se qualquer outra pessoa ou s\u00f3cio continuou. outro neg\u00f3cio que n\u00e3o seja o seu nome. &#8230; <a title=\"Diferen\u00e7a entre o nome da empresa e o nome comercial\" class=\"read-more\" href=\"https:\/\/diferenciario.com\/br\/o-nome-da-empresa-e-o-nome-comercial\/\" aria-label=\"M\u00e1s en Diferen\u00e7a entre o nome da empresa e o nome comercial\">Leia mais<\/a><\/p>\n","protected":false},"author":1,"featured_media":0,"comment_status":"closed","ping_status":"closed","sticky":false,"template":"","format":"standard","meta":{"footnotes":""},"categories":[9],"tags":[4951,2960],"class_list":["post-4176","post","type-post","status-publish","format-standard","hentry","category-o-negocio","tag-nome-comercial","tag-nome-da-empresa","no-featured-image-padding"],"yoast_head":"<!-- This site is optimized with the Yoast SEO plugin v19.13 - https:\/\/yoast.com\/wordpress\/plugins\/seo\/ -->\n<title>Diferen\u00e7a entre o nome da empresa e o nome comercial<\/title>\n<meta name=\"description\" content=\"lll\u27a4 Principal diferen\u00e7a Geralmente, todos usam o termo empresa como empresa e empresa como empresa, mas h\u00e1 uma diferen\u00e7a principal entre eles: o nome da\" \/>\n<meta name=\"robots\" content=\"index, follow, max-snippet:-1, max-image-preview:large, max-video-preview:-1\" \/>\n<link rel=\"canonical\" href=\"https:\/\/diferenciario.com\/br\/o-nome-da-empresa-e-o-nome-comercial\/\" \/>\n<meta property=\"og:locale\" content=\"es_ES\" \/>\n<meta property=\"og:type\" content=\"article\" \/>\n<meta property=\"og:title\" content=\"Diferen\u00e7a entre o nome da empresa e o nome comercial\" \/>\n<meta property=\"og:description\" content=\"lll\u27a4 Principal diferen\u00e7a Geralmente, todos usam o termo empresa como empresa e empresa como empresa, mas h\u00e1 uma diferen\u00e7a principal entre eles: o nome da\" \/>\n<meta property=\"og:url\" content=\"https:\/\/diferenciario.com\/br\/o-nome-da-empresa-e-o-nome-comercial\/\" \/>\n<meta property=\"og:site_name\" content=\"Diferenciario br\" \/>\n<meta property=\"article:published_time\" content=\"2021-11-13T11:16:54+00:00\" \/>\n<meta property=\"og:image\" content=\"https:\/\/diferenciario.com\/br\/wp-content\/uploads\/o-nome-da-empresa-e-o-nome-comercial.webp\" \/>\n<meta name=\"author\" content=\"javiervazquez_5mia2u1h\" \/>\n<meta name=\"twitter:card\" content=\"summary_large_image\" \/>\n<script type=\"application\/ld+json\" class=\"yoast-schema-graph\">{\"@context\":\"https:\/\/schema.org\",\"@graph\":[{\"@type\":\"Article\",\"@id\":\"https:\/\/diferenciario.com\/br\/o-nome-da-empresa-e-o-nome-comercial\/#article\",\"isPartOf\":{\"@id\":\"https:\/\/diferenciario.com\/br\/o-nome-da-empresa-e-o-nome-comercial\/\"},\"author\":{\"name\":\"javiervazquez_5mia2u1h\",\"@id\":\"https:\/\/diferenciario.com\/br\/#\/schema\/person\/56d044ad3bc3481dd45252b40b46ac75\"},\"headline\":\"Diferen\u00e7a entre o nome da empresa e o nome comercial\",\"datePublished\":\"2021-11-13T11:16:54+00:00\",\"dateModified\":\"2021-11-13T11:16:54+00:00\",\"mainEntityOfPage\":{\"@id\":\"https:\/\/diferenciario.com\/br\/o-nome-da-empresa-e-o-nome-comercial\/\"},\"wordCount\":452,\"publisher\":{\"@id\":\"https:\/\/diferenciario.com\/br\/#organization\"},\"keywords\":[\"nome comercial\",\"Nome da empresa\"],\"articleSection\":[\"O neg\u00f3cio\"],\"inLanguage\":\"es\"},{\"@type\":\"WebPage\",\"@id\":\"https:\/\/diferenciario.com\/br\/o-nome-da-empresa-e-o-nome-comercial\/\",\"url\":\"https:\/\/diferenciario.com\/br\/o-nome-da-empresa-e-o-nome-comercial\/\",\"name\":\"Diferen\u00e7a entre o nome da empresa e o nome comercial\",\"isPartOf\":{\"@id\":\"https:\/\/diferenciario.com\/br\/#website\"},\"datePublished\":\"2021-11-13T11:16:54+00:00\",\"dateModified\":\"2021-11-13T11:16:54+00:00\",\"description\":\"lll\u27a4 Principal diferen\u00e7a Geralmente, todos usam o termo empresa como empresa e empresa como empresa, mas h\u00e1 uma diferen\u00e7a principal entre eles: o nome da\",\"breadcrumb\":{\"@id\":\"https:\/\/diferenciario.com\/br\/o-nome-da-empresa-e-o-nome-comercial\/#breadcrumb\"},\"inLanguage\":\"es\",\"potentialAction\":[{\"@type\":\"ReadAction\",\"target\":[\"https:\/\/diferenciario.com\/br\/o-nome-da-empresa-e-o-nome-comercial\/\"]}]},{\"@type\":\"BreadcrumbList\",\"@id\":\"https:\/\/diferenciario.com\/br\/o-nome-da-empresa-e-o-nome-comercial\/#breadcrumb\",\"itemListElement\":[{\"@type\":\"ListItem\",\"position\":1,\"name\":\"Home\",\"item\":\"https:\/\/diferenciario.com\/br\/\"},{\"@type\":\"ListItem\",\"position\":2,\"name\":\"Diferen\u00e7a entre o nome da empresa e o nome comercial\"}]},{\"@type\":\"WebSite\",\"@id\":\"https:\/\/diferenciario.com\/br\/#website\",\"url\":\"https:\/\/diferenciario.com\/br\/\",\"name\":\"Diferenciario br\",\"description\":\"\",\"publisher\":{\"@id\":\"https:\/\/diferenciario.com\/br\/#organization\"},\"potentialAction\":[{\"@type\":\"SearchAction\",\"target\":{\"@type\":\"EntryPoint\",\"urlTemplate\":\"https:\/\/diferenciario.com\/br\/?s={search_term_string}\"},\"query-input\":\"required name=search_term_string\"}],\"inLanguage\":\"es\"},{\"@type\":\"Organization\",\"@id\":\"https:\/\/diferenciario.com\/br\/#organization\",\"name\":\"Diferenciario br\",\"url\":\"https:\/\/diferenciario.com\/br\/\",\"logo\":{\"@type\":\"ImageObject\",\"inLanguage\":\"es\",\"@id\":\"https:\/\/diferenciario.com\/br\/#\/schema\/logo\/image\/\",\"url\":\"https:\/\/diferenciario.com\/br\/wp-content\/uploads\/logo-diferenciario-brazil.webp\",\"contentUrl\":\"https:\/\/diferenciario.com\/br\/wp-content\/uploads\/logo-diferenciario-brazil.webp\",\"width\":225,\"height\":33,\"caption\":\"Diferenciario br\"},\"image\":{\"@id\":\"https:\/\/diferenciario.com\/br\/#\/schema\/logo\/image\/\"}},{\"@type\":\"Person\",\"@id\":\"https:\/\/diferenciario.com\/br\/#\/schema\/person\/56d044ad3bc3481dd45252b40b46ac75\",\"name\":\"javiervazquez_5mia2u1h\",\"image\":{\"@type\":\"ImageObject\",\"inLanguage\":\"es\",\"@id\":\"https:\/\/diferenciario.com\/br\/#\/schema\/person\/image\/\",\"url\":\"https:\/\/secure.gravatar.com\/avatar\/8826c6e0d313911ff94b887c5c66bafcf74cfe0a1f0c1fcd76cc1a5400186f2e?s=96&d=mm&r=g\",\"contentUrl\":\"https:\/\/secure.gravatar.com\/avatar\/8826c6e0d313911ff94b887c5c66bafcf74cfe0a1f0c1fcd76cc1a5400186f2e?s=96&d=mm&r=g\",\"caption\":\"javiervazquez_5mia2u1h\"},\"sameAs\":[\"https:\/\/diferenciario.com\/br\"]}]}<\/script>\n<!-- \/ Yoast SEO plugin. -->","yoast_head_json":{"title":"Diferen\u00e7a entre o nome da empresa e o nome comercial","description":"lll\u27a4 Principal diferen\u00e7a Geralmente, todos usam o termo empresa como empresa e empresa como empresa, mas h\u00e1 uma diferen\u00e7a principal entre eles: o nome da","robots":{"index":"index","follow":"follow","max-snippet":"max-snippet:-1","max-image-preview":"max-image-preview:large","max-video-preview":"max-video-preview:-1"},"canonical":"https:\/\/diferenciario.com\/br\/o-nome-da-empresa-e-o-nome-comercial\/","og_locale":"es_ES","og_type":"article","og_title":"Diferen\u00e7a entre o nome da empresa e o nome comercial","og_description":"lll\u27a4 Principal diferen\u00e7a Geralmente, todos usam o termo empresa como empresa e empresa como empresa, mas h\u00e1 uma diferen\u00e7a principal entre eles: o nome da","og_url":"https:\/\/diferenciario.com\/br\/o-nome-da-empresa-e-o-nome-comercial\/","og_site_name":"Diferenciario br","article_published_time":"2021-11-13T11:16:54+00:00","og_image":[{"url":"https:\/\/diferenciario.com\/br\/wp-content\/uploads\/o-nome-da-empresa-e-o-nome-comercial.webp"}],"author":"javiervazquez_5mia2u1h","twitter_card":"summary_large_image","schema":{"@context":"https:\/\/schema.org","@graph":[{"@type":"Article","@id":"https:\/\/diferenciario.com\/br\/o-nome-da-empresa-e-o-nome-comercial\/#article","isPartOf":{"@id":"https:\/\/diferenciario.com\/br\/o-nome-da-empresa-e-o-nome-comercial\/"},"author":{"name":"javiervazquez_5mia2u1h","@id":"https:\/\/diferenciario.com\/br\/#\/schema\/person\/56d044ad3bc3481dd45252b40b46ac75"},"headline":"Diferen\u00e7a entre o nome da empresa e o nome comercial","datePublished":"2021-11-13T11:16:54+00:00","dateModified":"2021-11-13T11:16:54+00:00","mainEntityOfPage":{"@id":"https:\/\/diferenciario.com\/br\/o-nome-da-empresa-e-o-nome-comercial\/"},"wordCount":452,"publisher":{"@id":"https:\/\/diferenciario.com\/br\/#organization"},"keywords":["nome comercial","Nome da empresa"],"articleSection":["O neg\u00f3cio"],"inLanguage":"es"},{"@type":"WebPage","@id":"https:\/\/diferenciario.com\/br\/o-nome-da-empresa-e-o-nome-comercial\/","url":"https:\/\/diferenciario.com\/br\/o-nome-da-empresa-e-o-nome-comercial\/","name":"Diferen\u00e7a entre o nome da empresa e o nome comercial","isPartOf":{"@id":"https:\/\/diferenciario.com\/br\/#website"},"datePublished":"2021-11-13T11:16:54+00:00","dateModified":"2021-11-13T11:16:54+00:00","description":"lll\u27a4 Principal diferen\u00e7a Geralmente, todos usam o termo empresa como empresa e empresa como empresa, mas h\u00e1 uma diferen\u00e7a principal entre eles: o nome da","breadcrumb":{"@id":"https:\/\/diferenciario.com\/br\/o-nome-da-empresa-e-o-nome-comercial\/#breadcrumb"},"inLanguage":"es","potentialAction":[{"@type":"ReadAction","target":["https:\/\/diferenciario.com\/br\/o-nome-da-empresa-e-o-nome-comercial\/"]}]},{"@type":"BreadcrumbList","@id":"https:\/\/diferenciario.com\/br\/o-nome-da-empresa-e-o-nome-comercial\/#breadcrumb","itemListElement":[{"@type":"ListItem","position":1,"name":"Home","item":"https:\/\/diferenciario.com\/br\/"},{"@type":"ListItem","position":2,"name":"Diferen\u00e7a entre o nome da empresa e o nome comercial"}]},{"@type":"WebSite","@id":"https:\/\/diferenciario.com\/br\/#website","url":"https:\/\/diferenciario.com\/br\/","name":"Diferenciario br","description":"","publisher":{"@id":"https:\/\/diferenciario.com\/br\/#organization"},"potentialAction":[{"@type":"SearchAction","target":{"@type":"EntryPoint","urlTemplate":"https:\/\/diferenciario.com\/br\/?s={search_term_string}"},"query-input":"required name=search_term_string"}],"inLanguage":"es"},{"@type":"Organization","@id":"https:\/\/diferenciario.com\/br\/#organization","name":"Diferenciario br","url":"https:\/\/diferenciario.com\/br\/","logo":{"@type":"ImageObject","inLanguage":"es","@id":"https:\/\/diferenciario.com\/br\/#\/schema\/logo\/image\/","url":"https:\/\/diferenciario.com\/br\/wp-content\/uploads\/logo-diferenciario-brazil.webp","contentUrl":"https:\/\/diferenciario.com\/br\/wp-content\/uploads\/logo-diferenciario-brazil.webp","width":225,"height":33,"caption":"Diferenciario br"},"image":{"@id":"https:\/\/diferenciario.com\/br\/#\/schema\/logo\/image\/"}},{"@type":"Person","@id":"https:\/\/diferenciario.com\/br\/#\/schema\/person\/56d044ad3bc3481dd45252b40b46ac75","name":"javiervazquez_5mia2u1h","image":{"@type":"ImageObject","inLanguage":"es","@id":"https:\/\/diferenciario.com\/br\/#\/schema\/person\/image\/","url":"https:\/\/secure.gravatar.com\/avatar\/8826c6e0d313911ff94b887c5c66bafcf74cfe0a1f0c1fcd76cc1a5400186f2e?s=96&d=mm&r=g","contentUrl":"https:\/\/secure.gravatar.com\/avatar\/8826c6e0d313911ff94b887c5c66bafcf74cfe0a1f0c1fcd76cc1a5400186f2e?s=96&d=mm&r=g","caption":"javiervazquez_5mia2u1h"},"sameAs":["https:\/\/diferenciario.com\/br"]}]}},"_links":{"self":[{"href":"https:\/\/diferenciario.com\/br\/wp-json\/wp\/v2\/posts\/4176","targetHints":{"allow":["GET"]}}],"collection":[{"href":"https:\/\/diferenciario.com\/br\/wp-json\/wp\/v2\/posts"}],"about":[{"href":"https:\/\/diferenciario.com\/br\/wp-json\/wp\/v2\/types\/post"}],"author":[{"embeddable":true,"href":"https:\/\/diferenciario.com\/br\/wp-json\/wp\/v2\/users\/1"}],"replies":[{"embeddable":true,"href":"https:\/\/diferenciario.com\/br\/wp-json\/wp\/v2\/comments?post=4176"}],"version-history":[{"count":0,"href":"https:\/\/diferenciario.com\/br\/wp-json\/wp\/v2\/posts\/4176\/revisions"}],"wp:attachment":[{"href":"https:\/\/diferenciario.com\/br\/wp-json\/wp\/v2\/media?parent=4176"}],"wp:term":[{"taxonomy":"category","embeddable":true,"href":"https:\/\/diferenciario.com\/br\/wp-json\/wp\/v2\/categories?post=4176"},{"taxonomy":"post_tag","embeddable":true,"href":"https:\/\/diferenciario.com\/br\/wp-json\/wp\/v2\/tags?post=4176"}],"curies":[{"name":"wp","href":"https:\/\/api.w.org\/{rel}","templated":true}]}}