{"id":4225,"date":"2022-02-27T14:38:44","date_gmt":"2022-02-27T14:38:44","guid":{"rendered":"https:\/\/diferenciario.com\/br\/organizao-formal-e-organizao-informal\/"},"modified":"2022-02-27T14:38:44","modified_gmt":"2022-02-27T14:38:44","slug":"organizao-formal-e-organizao-informal","status":"publish","type":"post","link":"https:\/\/diferenciario.com\/br\/organizao-formal-e-organizao-informal\/","title":{"rendered":"Diferen\u00e7a entre organiza\u00e7\u00e3o formal e organiza\u00e7\u00e3o informal"},"content":{"rendered":"<p><img loading=\"lazy\" decoding=\"async\" class=\"aligncenter size-full wp-image-2581\" src=\"https:\/\/diferenciario.com\/br\/wp-content\/uploads\/organizao-formal-e-organizao-informal.webp\" alt=\"Diferen\u00e7a entre organiza\u00e7\u00e3o formal e organiza\u00e7\u00e3o informal\" width=\"650\" height=\"450\" \/><\/p>\n<div>\n<h2>Principal diferen\u00e7a<\/h2>\n<p>A principal diferen\u00e7a entre a Organiza\u00e7\u00e3o Formal e a Organiza\u00e7\u00e3o Informal \u00e9 que a Organiza\u00e7\u00e3o Formal \u00e9 uma organiza\u00e7\u00e3o em que o trabalho de cada membro \u00e9 claramente definido, cuja autoridade, responsabilidade e presta\u00e7\u00e3o de contas s\u00e3o fixas, e a Organiza\u00e7\u00e3o Informal \u00e9 formada dentro da organiza\u00e7\u00e3o formal como uma rede de relacionamento interpessoal quando as pessoas interagem umas com as outras.<\/p>\n<h2>Organiza\u00e7\u00e3o formal versus organiza\u00e7\u00e3o informal<\/h2>\n<p>A organiza\u00e7\u00e3o formal \u00e9 orientada para objetivos. Foi baseado nos princ\u00edpios gerais da organiza\u00e7\u00e3o e os membros da organiza\u00e7\u00e3o formal est\u00e3o plenamente conscientes desses princ\u00edpios. Uma organiza\u00e7\u00e3o informal, por outro lado, desenvolve-se autom\u00e1tica e espontaneamente. Em outras palavras, organiza\u00e7\u00f5es formais foram criadas deliberadamente, enquanto organiza\u00e7\u00f5es informais se formaram espontaneamente. Uma organiza\u00e7\u00e3o formal tem uma estrutura definida e especialmente projetada refletida na organiza\u00e7\u00e3o, enquanto organiza\u00e7\u00f5es informais s\u00e3o grupos sem estrutura. Organiza\u00e7\u00f5es formais s\u00e3o criadas para atingir metas definidas pela administra\u00e7\u00e3o. Por outro lado, o principal objetivo de uma organiza\u00e7\u00e3o informal \u00e9 satisfazer as inten\u00e7\u00f5es individuais de seus membros. As organiza\u00e7\u00f5es formais t\u00eam um sistema r\u00edgido de regras e regulamentos que todos os membros devem seguir. Organiza\u00e7\u00f5es informais n\u00e3o vinculadas a um sistema r\u00edgido de regras e regulamentos. Nas organiza\u00e7\u00f5es formais, a autoridade \u00e9 equiparada \u00e0 influ\u00eancia. A pessoa no topo est\u00e1 se tornando a pessoa mais eficaz. Em forte contraste, influencia a organiza\u00e7\u00e3o informal ligada \u00e0 pessoa. O grupo informal d\u00e1 mais valor \u00e0quele homem que pode atender \u00e0s necessidades dos membros do grupo. A pessoa no topo est\u00e1 se tornando a pessoa mais eficaz. Em forte contraste, influencia a organiza\u00e7\u00e3o informal ligada \u00e0 pessoa. O grupo informal d\u00e1 mais valor \u00e0quele homem que pode atender \u00e0s necessidades dos membros do grupo. A pessoa no topo est\u00e1 se tornando a pessoa mais eficaz. Em forte contraste, influencia a organiza\u00e7\u00e3o informal ligada \u00e0 pessoa. O grupo informal d\u00e1 mais valor \u00e0quele homem que pode atender \u00e0s necessidades dos membros do grupo.<\/p>\n<h2>Quadro comparativo<\/h2>\n<section style=\"width:100%;overflow-x:auto;overflow-y:hidden;\">\n<table>\n<tbody>\n<tr>\n<td><strong>organiza\u00e7\u00e3o formal<\/strong><\/td>\n<td><strong>organiza\u00e7\u00e3o informal<\/strong><\/td>\n<\/tr>\n<tr>\n<td>Um tipo de organiza\u00e7\u00e3o em que o trabalho de cada membro \u00e9 claramente definido, cuja autoridade, responsabilidade e presta\u00e7\u00e3o de contas s\u00e3o fixas \u00e9 uma organiza\u00e7\u00e3o formal.<\/td>\n<td>Uma organiza\u00e7\u00e3o criada dentro da organiza\u00e7\u00e3o formal como uma rede de relacionamentos interpessoais, quando as pessoas se conectam, \u00e9 conhecida como comunica\u00e7\u00e3o informal.<\/td>\n<\/tr>\n<tr>\n<td colspan=\"2\"><strong>Natureza<\/strong><\/td>\n<\/tr>\n<tr>\n<td>Formado para um determinado fim, pode ser permanente ou tempor\u00e1rio.<\/td>\n<td>Um grupo informal \u00e9 um grupo permanente; os membros podem entrar ou sair do grupo com seu interesse<\/td>\n<\/tr>\n<tr>\n<td colspan=\"2\"><strong>Autoridade<\/strong><\/td>\n<\/tr>\n<tr>\n<td>A alta administra\u00e7\u00e3o d\u00e1 estrutura de autoridade<\/td>\n<td>As pessoas do grupo de pares d\u00e3o autoridade<\/td>\n<\/tr>\n<tr>\n<td colspan=\"2\"><strong>padr\u00e3o de comunica\u00e7\u00e3o<\/strong><\/td>\n<\/tr>\n<tr>\n<td>Um padr\u00e3o de comunica\u00e7\u00e3o sistem\u00e1tica foi seguido durante a comunica\u00e7\u00e3o na organiza\u00e7\u00e3o formal.<\/td>\n<td>Os membros do grupo informal se comunicam de acordo com a rela\u00e7\u00e3o que mant\u00eam com os demais do grupo.<\/td>\n<\/tr>\n<tr>\n<td colspan=\"2\"><strong>Comportamento do Membro<\/strong><\/td>\n<\/tr>\n<tr>\n<td>O comportamento dos membros do grupo formal est\u00e1 de acordo com as regras e regulamentos estabelecidos pela gest\u00e3o.<\/td>\n<td>O comportamento dos membros do grupo informal est\u00e1 de acordo com os interesses individuais e grupais.<\/td>\n<\/tr>\n<tr>\n<td colspan=\"2\"><strong>Supervis\u00e3o<\/strong><\/td>\n<\/tr>\n<tr>\n<td>A tarefa de gerenciar pessoas na organiza\u00e7\u00e3o formal \u00e9 f\u00e1cil.<\/td>\n<td>A tarefa de gerenciar pessoas na organiza\u00e7\u00e3o informal \u00e9 dif\u00edcil.<\/td>\n<\/tr>\n<tr>\n<td colspan=\"2\"><strong>superiores<\/strong><\/td>\n<\/tr>\n<tr>\n<td>Os associados formais do grupo enfrentam a press\u00e3o dos superiores.<\/td>\n<td>Os membros do grupo informal n\u00e3o sofrem press\u00e3o dos superiores e t\u00eam liberdade.<\/td>\n<\/tr>\n<tr>\n<td colspan=\"2\"><strong>Focar em<\/strong><\/td>\n<\/tr>\n<tr>\n<td>Desempenho laboral<\/td>\n<td>Rela\u00e7\u00f5es interpessoais<\/td>\n<\/tr>\n<tr>\n<td colspan=\"2\"><strong>Tamanho<\/strong><\/td>\n<\/tr>\n<tr>\n<td>Grande<\/td>\n<td>Pequeno<\/td>\n<\/tr>\n<\/tbody>\n<\/table>\n<\/section>\n<div style=\"text-align:center;margin:0px 0px 15px 0px;\"><\/div>\n<h2>O que \u00e9 uma organiza\u00e7\u00e3o formal?<\/h2>\n<p>A cria\u00e7\u00e3o de tal organiza\u00e7\u00e3o \u00e9 deliberada pela alta administra\u00e7\u00e3o. A organiza\u00e7\u00e3o tem seu tipo de regras, regulamentos e pol\u00edticas estabelecidas por escrito. O objetivo essencial de estabelecer uma organiza\u00e7\u00e3o \u00e9 a realiza\u00e7\u00e3o da meta da organiza\u00e7\u00e3o. Para isso, aplica-se o trabalho atribu\u00eddo, os poderes delegados a cada membro e o conceito de divis\u00e3o do trabalho e especializa\u00e7\u00e3o dos trabalhadores, para os quais o trabalho \u00e9 atribu\u00eddo com base nas suas capacidades. Al\u00e9m disso, h\u00e1 uma estrutura escal\u00e1vel, que determina uma rela\u00e7\u00e3o l\u00f3gica de autoridade e segue uma cadeia de comando.<\/p>\n<h3>Tipos<\/h3>\n<ul>\n<li>organiza\u00e7\u00e3o de linha<\/li>\n<li>Organiza\u00e7\u00e3o de linha e staff<\/li>\n<li>organiza\u00e7\u00e3o funcional<\/li>\n<li>Organiza\u00e7\u00e3o de gerenciamento de projetos<\/li>\n<li>Organiza\u00e7\u00e3o matricial<\/li>\n<\/ul>\n<h2>O que \u00e9 a organiza\u00e7\u00e3o informal?<\/h2>\n<p>Uma organiza\u00e7\u00e3o informal formada dentro da organiza\u00e7\u00e3o formal; que \u00e9 uma estrutura de rela\u00e7\u00f5es interpessoais entre os indiv\u00edduos que trabalham em uma empresa, que \u00e9 criada como resultado do encontro de pessoas, intera\u00e7\u00e3o e associa\u00e7\u00e3o entre si. N\u00e3o h\u00e1 uma categoria definida de regras e regulamentos que gerenciem o relacionamento entre os membros. Em vez disso, \u00e9 um tipo de normas sociais, conex\u00f5es e intera\u00e7\u00e3o. A organiza\u00e7\u00e3o \u00e9 pessoal, ou seja, regras e regulamentos n\u00e3o s\u00e3o impostos a eles, suas opini\u00f5es, sentimentos e pontos de vista s\u00e3o respeitados. No entanto, \u00e9 tempor\u00e1rio e n\u00e3o dura muito. Em uma organiza\u00e7\u00e3o informal, n\u00e3o h\u00e1 canais de comunica\u00e7\u00e3o definidos, de modo que os membros podem interagir livremente com outros membros. Eles trabalham juntos em suas capacidades e n\u00e3o profissionais.<\/p>\n<div style=\"text-align:center;margin:0px 0px 15px 0px;\"><\/div>\n<h2>Principais diferen\u00e7as<\/h2>\n<ol>\n<li>Organiza\u00e7\u00e3o formal definida como uma organiza\u00e7\u00e3o na qual a autoridade, responsabilidade e presta\u00e7\u00e3o de contas de cada membro s\u00e3o claramente definidas. Por outro lado, a organiza\u00e7\u00e3o informal \u00e9 definida como aquela organiza\u00e7\u00e3o na qual a autoridade, responsabilidade e presta\u00e7\u00e3o de contas de cada membro n\u00e3o est\u00e3o claramente definidas.<\/li>\n<li>O prop\u00f3sito ou objetivo de estabelecer uma organiza\u00e7\u00e3o formal \u00e9 atingir as metas predeterminadas de uma empresa. Considerando que, o objetivo de estabelecer uma organiza\u00e7\u00e3o informal \u00e9 atender \u00e0s necessidades psicol\u00f3gicas e sociais de seus membros.<\/li>\n<li>A organiza\u00e7\u00e3o formal costuma ser mais est\u00e1vel em rela\u00e7\u00e3o \u00e0 informal porque se estabelece de acordo com regras e regulamentos pr\u00f3prios para atingir determinados objetivos. aus\u00eancia de regras e regulamentos apropriados.<\/li>\n<li>A organiza\u00e7\u00e3o formal \u00e9 geralmente muito grande em compara\u00e7\u00e3o com a organiza\u00e7\u00e3o informal. Por outro lado, a organiza\u00e7\u00e3o informal \u00e9 muitas vezes muito pequena em compara\u00e7\u00e3o com a organiza\u00e7\u00e3o formal.<\/li>\n<li>A organiza\u00e7\u00e3o formal estabelecida com base em regras e regulamentos adequados, onde a autoridade, responsabilidade e presta\u00e7\u00e3o de contas de cada membro s\u00e3o claramente definidas. A organiza\u00e7\u00e3o informal foi estabelecida de forma espont\u00e2nea. N\u00e3o precisa de nenhuma regra ou regulamento para que surja.<\/li>\n<li>Os organogramas s\u00e3o necess\u00e1rios para mostrar a organiza\u00e7\u00e3o formal e os organogramas n\u00e3o s\u00e3o usados \u200b\u200bna organiza\u00e7\u00e3o informal.<\/li>\n<li>Com uma organiza\u00e7\u00e3o formal, a autoridade geralmente flui de cima para baixo verticalmente sobre os subordinados e a responsabilidade flui de baixo para cima sobre os superiores. Por outro lado, em uma organiza\u00e7\u00e3o informal, todos t\u00eam os mesmos direitos e deveres, ent\u00e3o h\u00e1 um fluxo horizontal de autoridade nisso.<\/li>\n<\/ol>\n<h2>Conclus\u00e3o<\/h2>\n<p>A principal diferen\u00e7a entre esses dois \u00e9 que todos os membros de uma organiza\u00e7\u00e3o formal obedecem a uma linha de comando, o que n\u00e3o ocorre em uma organiza\u00e7\u00e3o informal.<\/p>\n<\/div>\n","protected":false},"excerpt":{"rendered":"<p>Principal diferen\u00e7a A principal diferen\u00e7a entre a Organiza\u00e7\u00e3o Formal e a Organiza\u00e7\u00e3o Informal \u00e9 que a Organiza\u00e7\u00e3o Formal \u00e9 uma organiza\u00e7\u00e3o em que o trabalho de cada membro \u00e9 claramente definido, cuja autoridade, responsabilidade e presta\u00e7\u00e3o de contas s\u00e3o fixas, e a Organiza\u00e7\u00e3o Informal \u00e9 formada dentro da organiza\u00e7\u00e3o formal como uma rede de relacionamento &#8230; <a title=\"Diferen\u00e7a entre organiza\u00e7\u00e3o formal e organiza\u00e7\u00e3o informal\" class=\"read-more\" href=\"https:\/\/diferenciario.com\/br\/organizao-formal-e-organizao-informal\/\" aria-label=\"M\u00e1s en Diferen\u00e7a entre organiza\u00e7\u00e3o formal e organiza\u00e7\u00e3o informal\">Leia mais<\/a><\/p>\n","protected":false},"author":1,"featured_media":0,"comment_status":"closed","ping_status":"closed","sticky":false,"template":"","format":"standard","meta":{"footnotes":""},"categories":[9],"tags":[3049,3050],"class_list":["post-4225","post","type-post","status-publish","format-standard","hentry","category-o-negocio","tag-organizacao-formal","tag-organizacao-informal","no-featured-image-padding"],"yoast_head":"<!-- This site is optimized with the Yoast SEO plugin v19.13 - https:\/\/yoast.com\/wordpress\/plugins\/seo\/ -->\n<title>Diferen\u00e7a entre organiza\u00e7\u00e3o formal e organiza\u00e7\u00e3o informal<\/title>\n<meta name=\"description\" content=\"lll\u27a4 Principal diferen\u00e7a A principal diferen\u00e7a entre a Organiza\u00e7\u00e3o Formal e a Organiza\u00e7\u00e3o Informal \u00e9 que a Organiza\u00e7\u00e3o Formal \u00e9 uma organiza\u00e7\u00e3o em que o\" \/>\n<meta name=\"robots\" content=\"index, follow, max-snippet:-1, max-image-preview:large, max-video-preview:-1\" \/>\n<link rel=\"canonical\" href=\"https:\/\/diferenciario.com\/br\/organizao-formal-e-organizao-informal\/\" \/>\n<meta property=\"og:locale\" content=\"es_ES\" \/>\n<meta property=\"og:type\" content=\"article\" \/>\n<meta property=\"og:title\" content=\"Diferen\u00e7a entre organiza\u00e7\u00e3o formal e organiza\u00e7\u00e3o informal\" \/>\n<meta property=\"og:description\" content=\"lll\u27a4 Principal diferen\u00e7a A principal diferen\u00e7a entre a Organiza\u00e7\u00e3o Formal e a Organiza\u00e7\u00e3o Informal \u00e9 que a Organiza\u00e7\u00e3o Formal \u00e9 uma organiza\u00e7\u00e3o em que o\" \/>\n<meta property=\"og:url\" content=\"https:\/\/diferenciario.com\/br\/organizao-formal-e-organizao-informal\/\" \/>\n<meta property=\"og:site_name\" content=\"Diferenciario br\" \/>\n<meta property=\"article:published_time\" content=\"2022-02-27T14:38:44+00:00\" \/>\n<meta property=\"og:image\" content=\"https:\/\/diferenciario.com\/br\/wp-content\/uploads\/organizao-formal-e-organizao-informal.webp\" \/>\n<meta name=\"author\" content=\"javiervazquez_5mia2u1h\" \/>\n<meta name=\"twitter:card\" content=\"summary_large_image\" \/>\n<script type=\"application\/ld+json\" class=\"yoast-schema-graph\">{\"@context\":\"https:\/\/schema.org\",\"@graph\":[{\"@type\":\"Article\",\"@id\":\"https:\/\/diferenciario.com\/br\/organizao-formal-e-organizao-informal\/#article\",\"isPartOf\":{\"@id\":\"https:\/\/diferenciario.com\/br\/organizao-formal-e-organizao-informal\/\"},\"author\":{\"name\":\"javiervazquez_5mia2u1h\",\"@id\":\"https:\/\/diferenciario.com\/br\/#\/schema\/person\/56d044ad3bc3481dd45252b40b46ac75\"},\"headline\":\"Diferen\u00e7a entre organiza\u00e7\u00e3o formal e organiza\u00e7\u00e3o informal\",\"datePublished\":\"2022-02-27T14:38:44+00:00\",\"dateModified\":\"2022-02-27T14:38:44+00:00\",\"mainEntityOfPage\":{\"@id\":\"https:\/\/diferenciario.com\/br\/organizao-formal-e-organizao-informal\/\"},\"wordCount\":1218,\"publisher\":{\"@id\":\"https:\/\/diferenciario.com\/br\/#organization\"},\"keywords\":[\"Organiza\u00e7\u00e3o formal\",\"Organiza\u00e7\u00e3o informal\"],\"articleSection\":[\"O neg\u00f3cio\"],\"inLanguage\":\"es\"},{\"@type\":\"WebPage\",\"@id\":\"https:\/\/diferenciario.com\/br\/organizao-formal-e-organizao-informal\/\",\"url\":\"https:\/\/diferenciario.com\/br\/organizao-formal-e-organizao-informal\/\",\"name\":\"Diferen\u00e7a entre organiza\u00e7\u00e3o formal e organiza\u00e7\u00e3o informal\",\"isPartOf\":{\"@id\":\"https:\/\/diferenciario.com\/br\/#website\"},\"datePublished\":\"2022-02-27T14:38:44+00:00\",\"dateModified\":\"2022-02-27T14:38:44+00:00\",\"description\":\"lll\u27a4 Principal diferen\u00e7a A principal diferen\u00e7a entre a Organiza\u00e7\u00e3o Formal e a Organiza\u00e7\u00e3o Informal \u00e9 que a Organiza\u00e7\u00e3o Formal \u00e9 uma organiza\u00e7\u00e3o em que o\",\"breadcrumb\":{\"@id\":\"https:\/\/diferenciario.com\/br\/organizao-formal-e-organizao-informal\/#breadcrumb\"},\"inLanguage\":\"es\",\"potentialAction\":[{\"@type\":\"ReadAction\",\"target\":[\"https:\/\/diferenciario.com\/br\/organizao-formal-e-organizao-informal\/\"]}]},{\"@type\":\"BreadcrumbList\",\"@id\":\"https:\/\/diferenciario.com\/br\/organizao-formal-e-organizao-informal\/#breadcrumb\",\"itemListElement\":[{\"@type\":\"ListItem\",\"position\":1,\"name\":\"Home\",\"item\":\"https:\/\/diferenciario.com\/br\/\"},{\"@type\":\"ListItem\",\"position\":2,\"name\":\"Diferen\u00e7a entre organiza\u00e7\u00e3o formal e organiza\u00e7\u00e3o informal\"}]},{\"@type\":\"WebSite\",\"@id\":\"https:\/\/diferenciario.com\/br\/#website\",\"url\":\"https:\/\/diferenciario.com\/br\/\",\"name\":\"Diferenciario br\",\"description\":\"\",\"publisher\":{\"@id\":\"https:\/\/diferenciario.com\/br\/#organization\"},\"potentialAction\":[{\"@type\":\"SearchAction\",\"target\":{\"@type\":\"EntryPoint\",\"urlTemplate\":\"https:\/\/diferenciario.com\/br\/?s={search_term_string}\"},\"query-input\":\"required name=search_term_string\"}],\"inLanguage\":\"es\"},{\"@type\":\"Organization\",\"@id\":\"https:\/\/diferenciario.com\/br\/#organization\",\"name\":\"Diferenciario br\",\"url\":\"https:\/\/diferenciario.com\/br\/\",\"logo\":{\"@type\":\"ImageObject\",\"inLanguage\":\"es\",\"@id\":\"https:\/\/diferenciario.com\/br\/#\/schema\/logo\/image\/\",\"url\":\"https:\/\/diferenciario.com\/br\/wp-content\/uploads\/logo-diferenciario-brazil.webp\",\"contentUrl\":\"https:\/\/diferenciario.com\/br\/wp-content\/uploads\/logo-diferenciario-brazil.webp\",\"width\":225,\"height\":33,\"caption\":\"Diferenciario br\"},\"image\":{\"@id\":\"https:\/\/diferenciario.com\/br\/#\/schema\/logo\/image\/\"}},{\"@type\":\"Person\",\"@id\":\"https:\/\/diferenciario.com\/br\/#\/schema\/person\/56d044ad3bc3481dd45252b40b46ac75\",\"name\":\"javiervazquez_5mia2u1h\",\"image\":{\"@type\":\"ImageObject\",\"inLanguage\":\"es\",\"@id\":\"https:\/\/diferenciario.com\/br\/#\/schema\/person\/image\/\",\"url\":\"https:\/\/secure.gravatar.com\/avatar\/8826c6e0d313911ff94b887c5c66bafcf74cfe0a1f0c1fcd76cc1a5400186f2e?s=96&d=mm&r=g\",\"contentUrl\":\"https:\/\/secure.gravatar.com\/avatar\/8826c6e0d313911ff94b887c5c66bafcf74cfe0a1f0c1fcd76cc1a5400186f2e?s=96&d=mm&r=g\",\"caption\":\"javiervazquez_5mia2u1h\"},\"sameAs\":[\"https:\/\/diferenciario.com\/br\"]}]}<\/script>\n<!-- \/ Yoast SEO plugin. -->","yoast_head_json":{"title":"Diferen\u00e7a entre organiza\u00e7\u00e3o formal e organiza\u00e7\u00e3o informal","description":"lll\u27a4 Principal diferen\u00e7a A principal diferen\u00e7a entre a Organiza\u00e7\u00e3o Formal e a Organiza\u00e7\u00e3o Informal \u00e9 que a Organiza\u00e7\u00e3o Formal \u00e9 uma organiza\u00e7\u00e3o em que o","robots":{"index":"index","follow":"follow","max-snippet":"max-snippet:-1","max-image-preview":"max-image-preview:large","max-video-preview":"max-video-preview:-1"},"canonical":"https:\/\/diferenciario.com\/br\/organizao-formal-e-organizao-informal\/","og_locale":"es_ES","og_type":"article","og_title":"Diferen\u00e7a entre organiza\u00e7\u00e3o formal e organiza\u00e7\u00e3o informal","og_description":"lll\u27a4 Principal diferen\u00e7a A principal diferen\u00e7a entre a Organiza\u00e7\u00e3o Formal e a Organiza\u00e7\u00e3o Informal \u00e9 que a Organiza\u00e7\u00e3o Formal \u00e9 uma organiza\u00e7\u00e3o em que o","og_url":"https:\/\/diferenciario.com\/br\/organizao-formal-e-organizao-informal\/","og_site_name":"Diferenciario br","article_published_time":"2022-02-27T14:38:44+00:00","og_image":[{"url":"https:\/\/diferenciario.com\/br\/wp-content\/uploads\/organizao-formal-e-organizao-informal.webp"}],"author":"javiervazquez_5mia2u1h","twitter_card":"summary_large_image","schema":{"@context":"https:\/\/schema.org","@graph":[{"@type":"Article","@id":"https:\/\/diferenciario.com\/br\/organizao-formal-e-organizao-informal\/#article","isPartOf":{"@id":"https:\/\/diferenciario.com\/br\/organizao-formal-e-organizao-informal\/"},"author":{"name":"javiervazquez_5mia2u1h","@id":"https:\/\/diferenciario.com\/br\/#\/schema\/person\/56d044ad3bc3481dd45252b40b46ac75"},"headline":"Diferen\u00e7a entre organiza\u00e7\u00e3o formal e organiza\u00e7\u00e3o informal","datePublished":"2022-02-27T14:38:44+00:00","dateModified":"2022-02-27T14:38:44+00:00","mainEntityOfPage":{"@id":"https:\/\/diferenciario.com\/br\/organizao-formal-e-organizao-informal\/"},"wordCount":1218,"publisher":{"@id":"https:\/\/diferenciario.com\/br\/#organization"},"keywords":["Organiza\u00e7\u00e3o formal","Organiza\u00e7\u00e3o informal"],"articleSection":["O neg\u00f3cio"],"inLanguage":"es"},{"@type":"WebPage","@id":"https:\/\/diferenciario.com\/br\/organizao-formal-e-organizao-informal\/","url":"https:\/\/diferenciario.com\/br\/organizao-formal-e-organizao-informal\/","name":"Diferen\u00e7a entre organiza\u00e7\u00e3o formal e organiza\u00e7\u00e3o informal","isPartOf":{"@id":"https:\/\/diferenciario.com\/br\/#website"},"datePublished":"2022-02-27T14:38:44+00:00","dateModified":"2022-02-27T14:38:44+00:00","description":"lll\u27a4 Principal diferen\u00e7a A principal diferen\u00e7a entre a Organiza\u00e7\u00e3o Formal e a Organiza\u00e7\u00e3o Informal \u00e9 que a Organiza\u00e7\u00e3o Formal \u00e9 uma organiza\u00e7\u00e3o em que o","breadcrumb":{"@id":"https:\/\/diferenciario.com\/br\/organizao-formal-e-organizao-informal\/#breadcrumb"},"inLanguage":"es","potentialAction":[{"@type":"ReadAction","target":["https:\/\/diferenciario.com\/br\/organizao-formal-e-organizao-informal\/"]}]},{"@type":"BreadcrumbList","@id":"https:\/\/diferenciario.com\/br\/organizao-formal-e-organizao-informal\/#breadcrumb","itemListElement":[{"@type":"ListItem","position":1,"name":"Home","item":"https:\/\/diferenciario.com\/br\/"},{"@type":"ListItem","position":2,"name":"Diferen\u00e7a entre organiza\u00e7\u00e3o formal e organiza\u00e7\u00e3o informal"}]},{"@type":"WebSite","@id":"https:\/\/diferenciario.com\/br\/#website","url":"https:\/\/diferenciario.com\/br\/","name":"Diferenciario br","description":"","publisher":{"@id":"https:\/\/diferenciario.com\/br\/#organization"},"potentialAction":[{"@type":"SearchAction","target":{"@type":"EntryPoint","urlTemplate":"https:\/\/diferenciario.com\/br\/?s={search_term_string}"},"query-input":"required name=search_term_string"}],"inLanguage":"es"},{"@type":"Organization","@id":"https:\/\/diferenciario.com\/br\/#organization","name":"Diferenciario br","url":"https:\/\/diferenciario.com\/br\/","logo":{"@type":"ImageObject","inLanguage":"es","@id":"https:\/\/diferenciario.com\/br\/#\/schema\/logo\/image\/","url":"https:\/\/diferenciario.com\/br\/wp-content\/uploads\/logo-diferenciario-brazil.webp","contentUrl":"https:\/\/diferenciario.com\/br\/wp-content\/uploads\/logo-diferenciario-brazil.webp","width":225,"height":33,"caption":"Diferenciario br"},"image":{"@id":"https:\/\/diferenciario.com\/br\/#\/schema\/logo\/image\/"}},{"@type":"Person","@id":"https:\/\/diferenciario.com\/br\/#\/schema\/person\/56d044ad3bc3481dd45252b40b46ac75","name":"javiervazquez_5mia2u1h","image":{"@type":"ImageObject","inLanguage":"es","@id":"https:\/\/diferenciario.com\/br\/#\/schema\/person\/image\/","url":"https:\/\/secure.gravatar.com\/avatar\/8826c6e0d313911ff94b887c5c66bafcf74cfe0a1f0c1fcd76cc1a5400186f2e?s=96&d=mm&r=g","contentUrl":"https:\/\/secure.gravatar.com\/avatar\/8826c6e0d313911ff94b887c5c66bafcf74cfe0a1f0c1fcd76cc1a5400186f2e?s=96&d=mm&r=g","caption":"javiervazquez_5mia2u1h"},"sameAs":["https:\/\/diferenciario.com\/br"]}]}},"_links":{"self":[{"href":"https:\/\/diferenciario.com\/br\/wp-json\/wp\/v2\/posts\/4225","targetHints":{"allow":["GET"]}}],"collection":[{"href":"https:\/\/diferenciario.com\/br\/wp-json\/wp\/v2\/posts"}],"about":[{"href":"https:\/\/diferenciario.com\/br\/wp-json\/wp\/v2\/types\/post"}],"author":[{"embeddable":true,"href":"https:\/\/diferenciario.com\/br\/wp-json\/wp\/v2\/users\/1"}],"replies":[{"embeddable":true,"href":"https:\/\/diferenciario.com\/br\/wp-json\/wp\/v2\/comments?post=4225"}],"version-history":[{"count":0,"href":"https:\/\/diferenciario.com\/br\/wp-json\/wp\/v2\/posts\/4225\/revisions"}],"wp:attachment":[{"href":"https:\/\/diferenciario.com\/br\/wp-json\/wp\/v2\/media?parent=4225"}],"wp:term":[{"taxonomy":"category","embeddable":true,"href":"https:\/\/diferenciario.com\/br\/wp-json\/wp\/v2\/categories?post=4225"},{"taxonomy":"post_tag","embeddable":true,"href":"https:\/\/diferenciario.com\/br\/wp-json\/wp\/v2\/tags?post=4225"}],"curies":[{"name":"wp","href":"https:\/\/api.w.org\/{rel}","templated":true}]}}