{"id":4252,"date":"2021-12-28T15:10:46","date_gmt":"2021-12-28T15:10:46","guid":{"rendered":"https:\/\/diferenciario.com\/br\/pas-e-nao\/"},"modified":"2021-12-28T15:10:46","modified_gmt":"2021-12-28T15:10:46","slug":"pas-e-nao","status":"publish","type":"post","link":"https:\/\/diferenciario.com\/br\/pas-e-nao\/","title":{"rendered":"Diferen\u00e7a entre pa\u00eds e na\u00e7\u00e3o"},"content":{"rendered":"<p><img loading=\"lazy\" decoding=\"async\" class=\"aligncenter size-full wp-image-2581\" src=\"https:\/\/diferenciario.com\/br\/wp-content\/uploads\/pas-e-nao.webp\" alt=\"Diferen\u00e7a entre pa\u00eds e na\u00e7\u00e3o\" width=\"650\" height=\"450\" \/><\/p>\n<div>\n<h2>Principal diferen\u00e7a<\/h2>\n<p>Na\u00e7\u00e3o \u00e9 um termo cultural e pol\u00edtico, enquanto pa\u00eds \u00e9 mais um termo geogr\u00e1fico e pol\u00edtico. Ambas as palavras s\u00e3o frequentemente usadas de forma intercambi\u00e1vel, pois s\u00e3o consideradas sin\u00f4nimos de uma e de outra. O conhecimento detalhado dessas duas palavras indica que elas s\u00e3o bem diferentes, principalmente no que diz respeito ao uso. Pa\u00eds refere-se \u00e0 \u00e1rea, regi\u00e3o ou territ\u00f3rio espec\u00edfico que \u00e9 controlado por seu governo. Ao contr\u00e1rio disso, a na\u00e7\u00e3o refere-se ao grande corpo de pessoas, que s\u00e3o unidas pela cultura, descend\u00eancia comum e hist\u00f3ria. Em alguns casos, a na\u00e7\u00e3o tamb\u00e9m denota o grande grupo vinculado pela cultura com a vida na \u00e1rea espec\u00edfica.<\/p>\n<h2>Quadro comparativo<\/h2>\n<section style=\"width:100%;overflow-x:auto;overflow-y:hidden;\">\n<table>\n<tbody>\n<tr>\n<td><\/td>\n<td><strong>Pa\u00eds<\/strong><\/td>\n<td><strong>Na\u00e7\u00e3o<\/strong><\/td>\n<\/tr>\n<tr>\n<td><strong>Defini\u00e7\u00e3o<\/strong><\/td>\n<td>Uma na\u00e7\u00e3o com seu pr\u00f3prio governo, ocupando um determinado territ\u00f3rio.<\/td>\n<td>Um grande grupo de pessoas unidas por descend\u00eancia comum, hist\u00f3ria, cultura ou idioma que habitam um determinado pa\u00eds ou territ\u00f3rio.<\/td>\n<\/tr>\n<tr>\n<td><strong>Se refere<\/strong><\/td>\n<td>\u00e1rea particular.<\/td>\n<td>Grupo espec\u00edfico de pessoas.<\/td>\n<\/tr>\n<tr>\n<td><strong>Interior<\/strong><\/td>\n<td>Pol\u00edtico e geogr\u00e1fico.<\/td>\n<td>Pol\u00edtico.<\/td>\n<\/tr>\n<tr>\n<td><strong>Conceito<\/strong><\/td>\n<td>Concreto na natureza.<\/td>\n<td>Resumo na natureza.<\/td>\n<\/tr>\n<\/tbody>\n<\/table>\n<\/section>\n<div style=\"text-align:center;margin:0px 0px 15px 0px;\"><\/div>\n<h2>Qual \u00e9 o pa\u00eds?<\/h2>\n<p>O pa\u00eds \u00e9 o termo pol\u00edtico e geogr\u00e1fico que fala sobre a regi\u00e3o e o territ\u00f3rio espec\u00edficos. Tamb\u00e9m vem com o conceito de controle do governo em sua \u00e1rea. Sempre que nos deparamos com a palavra pa\u00eds, a filia\u00e7\u00e3o das pessoas que vivem na regi\u00e3o ou \u00e1rea espec\u00edfica \u00e9 pelo governo semelhante. O pa\u00eds nesse termo nada tem a ver com o conceito de cultura e nacionalidade semelhantes; \u00e9 sobre as pessoas que vivem em uma \u00e1rea espec\u00edfica sob o guarda-chuva do governo similar. O pa\u00eds tem mais habitantes da na\u00e7\u00e3o semelhante, mas n\u00e3o \u00e9 obrigat\u00f3rio que o pa\u00eds seja resid\u00eancia apenas de uma na\u00e7\u00e3o. Existem dezenas de pa\u00edses que abrigam v\u00e1rias na\u00e7\u00f5es. Os Estados Unidos da Am\u00e9rica s\u00e3o um dos exemplos mais proeminentes dos pa\u00edses que possuem multi-na\u00e7\u00f5es. O conceito de pa\u00eds \u00e9 mais concreto, pois est\u00e1 bem estruturado e pode ser visto facilmente at\u00e9 no mapa, onde os pa\u00edses s\u00e3o divididos entre si usando as fronteiras. O conceito de pa\u00eds que devemos sempre ter em mente \u00e9 que se trata do territ\u00f3rio ou do governo que o controla; n\u00e3o tem nada a ver com as pessoas de cultura semelhante ou diferente que vivem l\u00e1.<\/p>\n<div style=\"text-align:center;margin:0px 0px 15px 0px;\"><\/div>\n<h2>O que \u00e9 Na\u00e7\u00e3o?<\/h2>\n<p>A na\u00e7\u00e3o \u00e9 cultural assim como o termo pol\u00edtico que se refere ao grande grupo, que \u00e9 unido em cultura, hist\u00f3ria, l\u00edngua e descend\u00eancia. Este grande corpo pode ou n\u00e3o estar na \u00e1rea espec\u00edfica, mas eles s\u00e3o uma na\u00e7\u00e3o como um todo com base mencionada acima. Prevalece um equ\u00edvoco de que as pessoas que vivem em \u00e1reas espec\u00edficas comp\u00f5em a na\u00e7\u00e3o, mas essa defini\u00e7\u00e3o fica desatualizada no mundo em r\u00e1pida mudan\u00e7a. Algumas comunidades maiores com base na etnia as reivindicam como uma na\u00e7\u00e3o, mas n\u00e3o s\u00e3o reconhecidas nem mesmo por seus pa\u00edses vizinhos. Por exemplo, os curdos afirmam formar juntos uma na\u00e7\u00e3o conhecida como a &#8216;na\u00e7\u00e3o do Curdist\u00e3o&#8217;, mas n\u00e3o foram reconhecidos pelos pa\u00edses ocidentais ou mesmo por seus vizinhos mais pr\u00f3ximos. A palavra &#8216;nacionalidade&#8217; aumenta a confus\u00e3o, pois mostra a rela\u00e7\u00e3o entre a pessoa e o estado ou o pa\u00eds. Em outras palavras, podemos dizer que a nacionalidade \u00e9 o documento legal que confere a uma pessoa o direito de gozar em determinado pa\u00eds, independentemente da cultura, l\u00edngua ou hist\u00f3ria (na\u00e7\u00e3o). Muitas vezes \u00e9 usado um sin\u00f4nimo para a palavra estado ou pa\u00eds quando isso acontece; provavelmente se refere \u00e0 regi\u00e3o ou \u00e1rea espec\u00edfica. O conceito de na\u00e7\u00e3o \u00e9 de natureza abstrata, pois se situa entre o povo e a \u00e1rea. Portanto, \u00e9 reconhecido como o termo pol\u00edtico e geogr\u00e1fico. Muitas vezes \u00e9 usado um sin\u00f4nimo para a palavra estado ou pa\u00eds quando isso acontece; provavelmente se refere \u00e0 regi\u00e3o ou \u00e1rea espec\u00edfica. O conceito de na\u00e7\u00e3o \u00e9 de natureza abstrata, pois se situa entre o povo e a \u00e1rea. Portanto, \u00e9 reconhecido como o termo pol\u00edtico e geogr\u00e1fico. Muitas vezes \u00e9 usado um sin\u00f4nimo para a palavra estado ou pa\u00eds quando isso acontece; provavelmente se refere \u00e0 regi\u00e3o ou \u00e1rea espec\u00edfica. O conceito de na\u00e7\u00e3o \u00e9 de natureza abstrata, pois se situa entre o povo e a \u00e1rea. Portanto, \u00e9 reconhecido como o termo pol\u00edtico e geogr\u00e1fico.<\/p>\n<h2>pa\u00eds contra na\u00e7\u00e3o<\/h2>\n<ul>\n<li>A na\u00e7\u00e3o \u00e9 o grande grupo de pessoas que tem uma hist\u00f3ria, l\u00edngua e cultura comuns e \u00e9 inibida em um estado ou pa\u00eds espec\u00edfico. Ao contr\u00e1rio disso, um pa\u00eds \u00e9 a \u00e1rea ou regi\u00e3o controlada por seu governo.<\/li>\n<li>O pa\u00eds refere-se a uma \u00e1rea espec\u00edfica, enquanto a na\u00e7\u00e3o refere-se a um determinado grupo de pessoas.<\/li>\n<li>O termo &#8216;na\u00e7\u00e3o&#8217; \u00e9 usado mais no campo pol\u00edtico. Por outro lado, o termo pa\u00eds \u00e9 mais exclusivo da esfera pol\u00edtica e geogr\u00e1fica.<\/li>\n<li>O pa\u00eds \u00e9 o conceito concreto que pode at\u00e9 ser denotado pelas linhas no mapa, enquanto a na\u00e7\u00e3o \u00e9 o conceito abstrato.<\/li>\n<\/ul>\n<div style=\"text-align:center;margin:0px 0px 15px 0px;\"><\/div>\n<\/div>\n","protected":false},"excerpt":{"rendered":"<p>Principal diferen\u00e7a Na\u00e7\u00e3o \u00e9 um termo cultural e pol\u00edtico, enquanto pa\u00eds \u00e9 mais um termo geogr\u00e1fico e pol\u00edtico. Ambas as palavras s\u00e3o frequentemente usadas de forma intercambi\u00e1vel, pois s\u00e3o consideradas sin\u00f4nimos de uma e de outra. O conhecimento detalhado dessas duas palavras indica que elas s\u00e3o bem diferentes, principalmente no que diz respeito ao uso. &#8230; <a title=\"Diferen\u00e7a entre pa\u00eds e na\u00e7\u00e3o\" class=\"read-more\" href=\"https:\/\/diferenciario.com\/br\/pas-e-nao\/\" aria-label=\"M\u00e1s en Diferen\u00e7a entre pa\u00eds e na\u00e7\u00e3o\">Leia mais<\/a><\/p>\n","protected":false},"author":1,"featured_media":0,"comment_status":"closed","ping_status":"closed","sticky":false,"template":"","format":"standard","meta":{"footnotes":""},"categories":[4175],"tags":[3088,908],"class_list":["post-4252","post","type-post","status-publish","format-standard","hentry","category-em-geral","tag-nacao","tag-pais","no-featured-image-padding"],"yoast_head":"<!-- This site is optimized with the Yoast SEO plugin v19.13 - https:\/\/yoast.com\/wordpress\/plugins\/seo\/ -->\n<title>Diferen\u00e7a entre pa\u00eds e na\u00e7\u00e3o<\/title>\n<meta name=\"description\" content=\"lll\u27a4 Principal diferen\u00e7a Na\u00e7\u00e3o \u00e9 um termo cultural e pol\u00edtico, enquanto pa\u00eds \u00e9 mais um termo geogr\u00e1fico e pol\u00edtico. Ambas as palavras s\u00e3o frequentemente usadas\" \/>\n<meta name=\"robots\" content=\"index, follow, max-snippet:-1, max-image-preview:large, max-video-preview:-1\" \/>\n<link rel=\"canonical\" href=\"https:\/\/diferenciario.com\/br\/pas-e-nao\/\" \/>\n<meta property=\"og:locale\" content=\"es_ES\" \/>\n<meta property=\"og:type\" content=\"article\" \/>\n<meta property=\"og:title\" content=\"Diferen\u00e7a entre pa\u00eds e na\u00e7\u00e3o\" \/>\n<meta property=\"og:description\" content=\"lll\u27a4 Principal diferen\u00e7a Na\u00e7\u00e3o \u00e9 um termo cultural e pol\u00edtico, enquanto pa\u00eds \u00e9 mais um termo geogr\u00e1fico e pol\u00edtico. Ambas as palavras s\u00e3o frequentemente usadas\" \/>\n<meta property=\"og:url\" content=\"https:\/\/diferenciario.com\/br\/pas-e-nao\/\" \/>\n<meta property=\"og:site_name\" content=\"Diferenciario br\" \/>\n<meta property=\"article:published_time\" content=\"2021-12-28T15:10:46+00:00\" \/>\n<meta property=\"og:image\" content=\"https:\/\/diferenciario.com\/br\/wp-content\/uploads\/pas-e-nao.webp\" \/>\n<meta name=\"author\" content=\"javiervazquez_5mia2u1h\" \/>\n<meta name=\"twitter:card\" content=\"summary_large_image\" \/>\n<script type=\"application\/ld+json\" class=\"yoast-schema-graph\">{\"@context\":\"https:\/\/schema.org\",\"@graph\":[{\"@type\":\"Article\",\"@id\":\"https:\/\/diferenciario.com\/br\/pas-e-nao\/#article\",\"isPartOf\":{\"@id\":\"https:\/\/diferenciario.com\/br\/pas-e-nao\/\"},\"author\":{\"name\":\"javiervazquez_5mia2u1h\",\"@id\":\"https:\/\/diferenciario.com\/br\/#\/schema\/person\/56d044ad3bc3481dd45252b40b46ac75\"},\"headline\":\"Diferen\u00e7a entre pa\u00eds e na\u00e7\u00e3o\",\"datePublished\":\"2021-12-28T15:10:46+00:00\",\"dateModified\":\"2021-12-28T15:10:46+00:00\",\"mainEntityOfPage\":{\"@id\":\"https:\/\/diferenciario.com\/br\/pas-e-nao\/\"},\"wordCount\":910,\"publisher\":{\"@id\":\"https:\/\/diferenciario.com\/br\/#organization\"},\"keywords\":[\"Na\u00e7\u00e3o\",\"Pa\u00eds\"],\"articleSection\":[\"Em Geral\"],\"inLanguage\":\"es\"},{\"@type\":\"WebPage\",\"@id\":\"https:\/\/diferenciario.com\/br\/pas-e-nao\/\",\"url\":\"https:\/\/diferenciario.com\/br\/pas-e-nao\/\",\"name\":\"Diferen\u00e7a entre pa\u00eds e na\u00e7\u00e3o\",\"isPartOf\":{\"@id\":\"https:\/\/diferenciario.com\/br\/#website\"},\"datePublished\":\"2021-12-28T15:10:46+00:00\",\"dateModified\":\"2021-12-28T15:10:46+00:00\",\"description\":\"lll\u27a4 Principal diferen\u00e7a Na\u00e7\u00e3o \u00e9 um termo cultural e pol\u00edtico, enquanto pa\u00eds \u00e9 mais um termo geogr\u00e1fico e pol\u00edtico. Ambas as palavras s\u00e3o frequentemente usadas\",\"breadcrumb\":{\"@id\":\"https:\/\/diferenciario.com\/br\/pas-e-nao\/#breadcrumb\"},\"inLanguage\":\"es\",\"potentialAction\":[{\"@type\":\"ReadAction\",\"target\":[\"https:\/\/diferenciario.com\/br\/pas-e-nao\/\"]}]},{\"@type\":\"BreadcrumbList\",\"@id\":\"https:\/\/diferenciario.com\/br\/pas-e-nao\/#breadcrumb\",\"itemListElement\":[{\"@type\":\"ListItem\",\"position\":1,\"name\":\"Home\",\"item\":\"https:\/\/diferenciario.com\/br\/\"},{\"@type\":\"ListItem\",\"position\":2,\"name\":\"Diferen\u00e7a entre pa\u00eds e na\u00e7\u00e3o\"}]},{\"@type\":\"WebSite\",\"@id\":\"https:\/\/diferenciario.com\/br\/#website\",\"url\":\"https:\/\/diferenciario.com\/br\/\",\"name\":\"Diferenciario br\",\"description\":\"\",\"publisher\":{\"@id\":\"https:\/\/diferenciario.com\/br\/#organization\"},\"potentialAction\":[{\"@type\":\"SearchAction\",\"target\":{\"@type\":\"EntryPoint\",\"urlTemplate\":\"https:\/\/diferenciario.com\/br\/?s={search_term_string}\"},\"query-input\":\"required name=search_term_string\"}],\"inLanguage\":\"es\"},{\"@type\":\"Organization\",\"@id\":\"https:\/\/diferenciario.com\/br\/#organization\",\"name\":\"Diferenciario br\",\"url\":\"https:\/\/diferenciario.com\/br\/\",\"logo\":{\"@type\":\"ImageObject\",\"inLanguage\":\"es\",\"@id\":\"https:\/\/diferenciario.com\/br\/#\/schema\/logo\/image\/\",\"url\":\"https:\/\/diferenciario.com\/br\/wp-content\/uploads\/logo-diferenciario-brazil.webp\",\"contentUrl\":\"https:\/\/diferenciario.com\/br\/wp-content\/uploads\/logo-diferenciario-brazil.webp\",\"width\":225,\"height\":33,\"caption\":\"Diferenciario br\"},\"image\":{\"@id\":\"https:\/\/diferenciario.com\/br\/#\/schema\/logo\/image\/\"}},{\"@type\":\"Person\",\"@id\":\"https:\/\/diferenciario.com\/br\/#\/schema\/person\/56d044ad3bc3481dd45252b40b46ac75\",\"name\":\"javiervazquez_5mia2u1h\",\"image\":{\"@type\":\"ImageObject\",\"inLanguage\":\"es\",\"@id\":\"https:\/\/diferenciario.com\/br\/#\/schema\/person\/image\/\",\"url\":\"https:\/\/secure.gravatar.com\/avatar\/8826c6e0d313911ff94b887c5c66bafcf74cfe0a1f0c1fcd76cc1a5400186f2e?s=96&d=mm&r=g\",\"contentUrl\":\"https:\/\/secure.gravatar.com\/avatar\/8826c6e0d313911ff94b887c5c66bafcf74cfe0a1f0c1fcd76cc1a5400186f2e?s=96&d=mm&r=g\",\"caption\":\"javiervazquez_5mia2u1h\"},\"sameAs\":[\"https:\/\/diferenciario.com\/br\"]}]}<\/script>\n<!-- \/ Yoast SEO plugin. -->","yoast_head_json":{"title":"Diferen\u00e7a entre pa\u00eds e na\u00e7\u00e3o","description":"lll\u27a4 Principal diferen\u00e7a Na\u00e7\u00e3o \u00e9 um termo cultural e pol\u00edtico, enquanto pa\u00eds \u00e9 mais um termo geogr\u00e1fico e pol\u00edtico. Ambas as palavras s\u00e3o frequentemente usadas","robots":{"index":"index","follow":"follow","max-snippet":"max-snippet:-1","max-image-preview":"max-image-preview:large","max-video-preview":"max-video-preview:-1"},"canonical":"https:\/\/diferenciario.com\/br\/pas-e-nao\/","og_locale":"es_ES","og_type":"article","og_title":"Diferen\u00e7a entre pa\u00eds e na\u00e7\u00e3o","og_description":"lll\u27a4 Principal diferen\u00e7a Na\u00e7\u00e3o \u00e9 um termo cultural e pol\u00edtico, enquanto pa\u00eds \u00e9 mais um termo geogr\u00e1fico e pol\u00edtico. Ambas as palavras s\u00e3o frequentemente usadas","og_url":"https:\/\/diferenciario.com\/br\/pas-e-nao\/","og_site_name":"Diferenciario br","article_published_time":"2021-12-28T15:10:46+00:00","og_image":[{"url":"https:\/\/diferenciario.com\/br\/wp-content\/uploads\/pas-e-nao.webp"}],"author":"javiervazquez_5mia2u1h","twitter_card":"summary_large_image","schema":{"@context":"https:\/\/schema.org","@graph":[{"@type":"Article","@id":"https:\/\/diferenciario.com\/br\/pas-e-nao\/#article","isPartOf":{"@id":"https:\/\/diferenciario.com\/br\/pas-e-nao\/"},"author":{"name":"javiervazquez_5mia2u1h","@id":"https:\/\/diferenciario.com\/br\/#\/schema\/person\/56d044ad3bc3481dd45252b40b46ac75"},"headline":"Diferen\u00e7a entre pa\u00eds e na\u00e7\u00e3o","datePublished":"2021-12-28T15:10:46+00:00","dateModified":"2021-12-28T15:10:46+00:00","mainEntityOfPage":{"@id":"https:\/\/diferenciario.com\/br\/pas-e-nao\/"},"wordCount":910,"publisher":{"@id":"https:\/\/diferenciario.com\/br\/#organization"},"keywords":["Na\u00e7\u00e3o","Pa\u00eds"],"articleSection":["Em Geral"],"inLanguage":"es"},{"@type":"WebPage","@id":"https:\/\/diferenciario.com\/br\/pas-e-nao\/","url":"https:\/\/diferenciario.com\/br\/pas-e-nao\/","name":"Diferen\u00e7a entre pa\u00eds e na\u00e7\u00e3o","isPartOf":{"@id":"https:\/\/diferenciario.com\/br\/#website"},"datePublished":"2021-12-28T15:10:46+00:00","dateModified":"2021-12-28T15:10:46+00:00","description":"lll\u27a4 Principal diferen\u00e7a Na\u00e7\u00e3o \u00e9 um termo cultural e pol\u00edtico, enquanto pa\u00eds \u00e9 mais um termo geogr\u00e1fico e pol\u00edtico. Ambas as palavras s\u00e3o frequentemente usadas","breadcrumb":{"@id":"https:\/\/diferenciario.com\/br\/pas-e-nao\/#breadcrumb"},"inLanguage":"es","potentialAction":[{"@type":"ReadAction","target":["https:\/\/diferenciario.com\/br\/pas-e-nao\/"]}]},{"@type":"BreadcrumbList","@id":"https:\/\/diferenciario.com\/br\/pas-e-nao\/#breadcrumb","itemListElement":[{"@type":"ListItem","position":1,"name":"Home","item":"https:\/\/diferenciario.com\/br\/"},{"@type":"ListItem","position":2,"name":"Diferen\u00e7a entre pa\u00eds e na\u00e7\u00e3o"}]},{"@type":"WebSite","@id":"https:\/\/diferenciario.com\/br\/#website","url":"https:\/\/diferenciario.com\/br\/","name":"Diferenciario br","description":"","publisher":{"@id":"https:\/\/diferenciario.com\/br\/#organization"},"potentialAction":[{"@type":"SearchAction","target":{"@type":"EntryPoint","urlTemplate":"https:\/\/diferenciario.com\/br\/?s={search_term_string}"},"query-input":"required name=search_term_string"}],"inLanguage":"es"},{"@type":"Organization","@id":"https:\/\/diferenciario.com\/br\/#organization","name":"Diferenciario br","url":"https:\/\/diferenciario.com\/br\/","logo":{"@type":"ImageObject","inLanguage":"es","@id":"https:\/\/diferenciario.com\/br\/#\/schema\/logo\/image\/","url":"https:\/\/diferenciario.com\/br\/wp-content\/uploads\/logo-diferenciario-brazil.webp","contentUrl":"https:\/\/diferenciario.com\/br\/wp-content\/uploads\/logo-diferenciario-brazil.webp","width":225,"height":33,"caption":"Diferenciario br"},"image":{"@id":"https:\/\/diferenciario.com\/br\/#\/schema\/logo\/image\/"}},{"@type":"Person","@id":"https:\/\/diferenciario.com\/br\/#\/schema\/person\/56d044ad3bc3481dd45252b40b46ac75","name":"javiervazquez_5mia2u1h","image":{"@type":"ImageObject","inLanguage":"es","@id":"https:\/\/diferenciario.com\/br\/#\/schema\/person\/image\/","url":"https:\/\/secure.gravatar.com\/avatar\/8826c6e0d313911ff94b887c5c66bafcf74cfe0a1f0c1fcd76cc1a5400186f2e?s=96&d=mm&r=g","contentUrl":"https:\/\/secure.gravatar.com\/avatar\/8826c6e0d313911ff94b887c5c66bafcf74cfe0a1f0c1fcd76cc1a5400186f2e?s=96&d=mm&r=g","caption":"javiervazquez_5mia2u1h"},"sameAs":["https:\/\/diferenciario.com\/br"]}]}},"_links":{"self":[{"href":"https:\/\/diferenciario.com\/br\/wp-json\/wp\/v2\/posts\/4252","targetHints":{"allow":["GET"]}}],"collection":[{"href":"https:\/\/diferenciario.com\/br\/wp-json\/wp\/v2\/posts"}],"about":[{"href":"https:\/\/diferenciario.com\/br\/wp-json\/wp\/v2\/types\/post"}],"author":[{"embeddable":true,"href":"https:\/\/diferenciario.com\/br\/wp-json\/wp\/v2\/users\/1"}],"replies":[{"embeddable":true,"href":"https:\/\/diferenciario.com\/br\/wp-json\/wp\/v2\/comments?post=4252"}],"version-history":[{"count":0,"href":"https:\/\/diferenciario.com\/br\/wp-json\/wp\/v2\/posts\/4252\/revisions"}],"wp:attachment":[{"href":"https:\/\/diferenciario.com\/br\/wp-json\/wp\/v2\/media?parent=4252"}],"wp:term":[{"taxonomy":"category","embeddable":true,"href":"https:\/\/diferenciario.com\/br\/wp-json\/wp\/v2\/categories?post=4252"},{"taxonomy":"post_tag","embeddable":true,"href":"https:\/\/diferenciario.com\/br\/wp-json\/wp\/v2\/tags?post=4252"}],"curies":[{"name":"wp","href":"https:\/\/api.w.org\/{rel}","templated":true}]}}