{"id":4370,"date":"2022-02-22T06:51:44","date_gmt":"2022-02-22T06:51:44","guid":{"rendered":"https:\/\/diferenciario.com\/br\/pr-escola-e-jardim-de-infncia\/"},"modified":"2022-02-22T06:51:44","modified_gmt":"2022-02-22T06:51:44","slug":"pr-escola-e-jardim-de-infncia","status":"publish","type":"post","link":"https:\/\/diferenciario.com\/br\/pr-escola-e-jardim-de-infncia\/","title":{"rendered":"Diferen\u00e7a entre pr\u00e9-escola e jardim de inf\u00e2ncia"},"content":{"rendered":"<p><img loading=\"lazy\" decoding=\"async\" class=\"aligncenter size-full wp-image-2581\" src=\"https:\/\/diferenciario.com\/br\/wp-content\/uploads\/pr-escola-e-jardim-de-infncia.webp\" alt=\"Diferen\u00e7a entre pr\u00e9-escola e jardim de inf\u00e2ncia\" width=\"650\" height=\"450\" \/><\/p>\n<div>\n<h2>Principal diferen\u00e7a<\/h2>\n<p>Longe v\u00e3o os dias em que as crian\u00e7as deveriam come\u00e7ar diretamente com estudos formais, hor\u00e1rios dif\u00edceis e carga de aprendizado. Hoje, ambientes educacionais como pr\u00e9-escola e jardim de inf\u00e2ncia est\u00e3o em pr\u00e1tica o que garante o aprendizado das crian\u00e7as de forma mais eficiente. O jardim de inf\u00e2ncia \u00e9 o ambiente educacional em que se inicia a educa\u00e7\u00e3o formal, mas tamb\u00e9m de forma educada e l\u00fadica. No jardim de inf\u00e2ncia, as aulas s\u00e3o di\u00e1rias. Ao contr\u00e1rio disso, a pr\u00e9-escola \u00e9 o ambiente educacional em que a crian\u00e7a aprende os fundamentos da matem\u00e1tica, ingl\u00eas e ci\u00eancias morais de forma l\u00fadica para que ela possa passar no vestibular de escolas renomadas e pode entrar no jardim de inf\u00e2ncia.<\/p>\n<h2>Quadro comparativo<\/h2>\n<section style=\"width:100%;overflow-x:auto;overflow-y:hidden;\">\n<table>\n<tbody>\n<tr>\n<td><\/td>\n<td><strong>Pr\u00e9 escola<\/strong><\/td>\n<td><strong>Jardim de inf\u00e2ncia<\/strong><\/td>\n<\/tr>\n<tr>\n<td><strong>Defini\u00e7\u00e3o<\/strong><\/td>\n<td>A pr\u00e9-escola \u00e9 a educa\u00e7\u00e3o informal que prepara para a educa\u00e7\u00e3o formal.<\/td>\n<td>O jardim de inf\u00e2ncia \u00e9 o in\u00edcio da educa\u00e7\u00e3o formal.<\/td>\n<\/tr>\n<tr>\n<td><strong>Grupo de idade<\/strong><\/td>\n<td>2-3 anos<\/td>\n<td>3-6 anos<\/td>\n<\/tr>\n<tr>\n<td><strong>Hor\u00e1rio de aula<\/strong><\/td>\n<td>Uma vez por semana \/ v\u00e1rios dias<\/td>\n<td>Regularmente<\/td>\n<\/tr>\n<tr>\n<td><strong>Compuls\u00e3o<\/strong><\/td>\n<td>N\u00e3o requerido<\/td>\n<td>Obrigatoriedade<\/td>\n<\/tr>\n<tr>\n<td><strong>Miss\u00e3o<\/strong><\/td>\n<td>Preparar as crian\u00e7as para entrar no jardim de inf\u00e2ncia.<\/td>\n<td>\u00c9 o primeiro passo da educa\u00e7\u00e3o formal, onde as crian\u00e7as s\u00e3o ensinadas de forma l\u00fadica em salas de aula formais.<\/td>\n<\/tr>\n<\/tbody>\n<\/table>\n<\/section>\n<h2>O que \u00e9 pr\u00e9-escola?<\/h2>\n<p>A pr\u00e9-escola \u00e9 o ambiente educacional onde as crian\u00e7as de 2 a 3 anos s\u00e3o ensinadas no\u00e7\u00f5es b\u00e1sicas de matem\u00e1tica, ci\u00eancias e ci\u00eancias morais para que possam passar no vestibular da renomada escola e come\u00e7ar sua educa\u00e7\u00e3o formal no jardim de inf\u00e2ncia. Como o prefixo denota algo antes, a palavra pr\u00e9-escola significa aproximadamente antes da escola. A pr\u00e9-escola \u00e9 o ambiente educacional antes da escola formal; Os alunos s\u00e3o ensinados o b\u00e1sico de forma l\u00fadica, sem qualquer \u00f4nus para eles. A melhor coisa sobre esse tipo de ambiente educacional \u00e9 que os alunos s\u00e3o preparados para a educa\u00e7\u00e3o formal. A iniciativa da pr\u00e9-escola tamb\u00e9m \u00e9 bastante \u00fatil, pois d\u00e1 o conceito b\u00e1sico \u00e0s crian\u00e7as e quando elas ingressam na educa\u00e7\u00e3o formal (jardim de inf\u00e2ncia), Eles j\u00e1 est\u00e3o ansiosos para aprender mais e explorar os conceitos que j\u00e1 possuem. Ser\u00e1 pertinente mencionar aqui que a iniciativa da pr\u00e9-escola \u00e9 a mais recente e ainda n\u00e3o \u00e9 conhecida em muitos pa\u00edses do mundo. As salas de aula pr\u00e9-escolares s\u00e3o projetadas como casas ou \u00e1reas de lazer, para que as crian\u00e7as se sintam confort\u00e1veis \u200b\u200be tentem mostrar suas melhores habilidades. Al\u00e9m de ensinar o b\u00e1sico, as crian\u00e7as tamb\u00e9m s\u00e3o ensinadas a lidar com os outros e tamb\u00e9m s\u00e3o ensinadas maneiras de se comportar bem em diferentes ambientes. A aula pr\u00e9-escolar \u00e9 realizada uma vez por semana ou, em alguns casos, v\u00e1rias vezes por semana, mas n\u00e3o \u00e9 t\u00e3o regular quanto no caso do jardim de inf\u00e2ncia. a iniciativa de educa\u00e7\u00e3o pr\u00e9-escolar \u00e9 a mais recente e ainda desconhecida em muitos pa\u00edses ao redor do mundo. As salas de aula pr\u00e9-escolares s\u00e3o projetadas como casas ou \u00e1reas de lazer, para que as crian\u00e7as se sintam confort\u00e1veis \u200b\u200be tentem mostrar suas melhores habilidades. Al\u00e9m de ensinar o b\u00e1sico, as crian\u00e7as tamb\u00e9m s\u00e3o ensinadas a lidar com os outros e tamb\u00e9m s\u00e3o ensinadas maneiras de se comportar bem em diferentes ambientes. A aula de pr\u00e9-escola \u00e9 realizada uma vez por semana ou, em alguns casos, v\u00e1rias vezes por semana, mas n\u00e3o \u00e9 t\u00e3o regular quanto no caso do jardim de inf\u00e2ncia. a iniciativa de educa\u00e7\u00e3o pr\u00e9-escolar \u00e9 a mais recente e ainda \u00e9 desconhecida em muitos pa\u00edses ao redor do mundo. As salas de aula pr\u00e9-escolares s\u00e3o projetadas como casas ou \u00e1reas de lazer, para que as crian\u00e7as se sintam confort\u00e1veis \u200b\u200be tentem mostrar suas melhores habilidades. Al\u00e9m de ensinar os conceitos b\u00e1sicos, As crian\u00e7as tamb\u00e9m s\u00e3o informadas sobre como lidar com os outros e tamb\u00e9m s\u00e3o ensinadas maneiras de se comportar bem em diferentes ambientes. A aula pr\u00e9-escolar \u00e9 realizada uma vez por semana ou, em alguns casos, v\u00e1rias vezes por semana, mas n\u00e3o \u00e9 t\u00e3o regular quanto no caso do jardim de inf\u00e2ncia. As crian\u00e7as tamb\u00e9m s\u00e3o informadas sobre como lidar com os outros e tamb\u00e9m s\u00e3o ensinadas maneiras de se comportar bem em diferentes ambientes. A aula pr\u00e9-escolar \u00e9 realizada uma vez por semana ou, em alguns casos, v\u00e1rias vezes por semana, mas n\u00e3o \u00e9 t\u00e3o regular quanto no caso do jardim de inf\u00e2ncia. As crian\u00e7as tamb\u00e9m s\u00e3o informadas sobre como lidar com os outros e tamb\u00e9m s\u00e3o ensinadas maneiras de se comportar bem em diferentes ambientes. A aula pr\u00e9-escolar \u00e9 realizada uma vez por semana ou, em alguns casos,<\/p>\n<h2>O que \u00e9 jardim de inf\u00e2ncia?<\/h2>\n<p>O jardim de inf\u00e2ncia \u00e9 o in\u00edcio da educa\u00e7\u00e3o formal para as crian\u00e7as. Crian\u00e7as entre 3 e 5 anos s\u00e3o eleg\u00edveis para ingressar no jardim de inf\u00e2ncia depois de passar no teste de admiss\u00e3o. O teste de admiss\u00e3o examina os conceitos b\u00e1sicos de matem\u00e1tica, ingl\u00eas e ci\u00eancias morais. A prova de ingresso \u00e9 uma esp\u00e9cie de prova informal, mas em algumas escolas renomadas \u00e9 bastante formal, e as crian\u00e7as que querem entrar s\u00e3o preparadas especialmente para esta prova na pr\u00e9-escola. As t\u00e9cnicas de ensino no jardim de inf\u00e2ncia s\u00e3o praticamente as mesmas que no caso da pr\u00e9-escola, mas as aulas regulares e mais aprendizado com um ambiente formal o diferenciam deste \u00faltimo. O conceito de jardim de inf\u00e2ncia \u00e9 um conceito educacional bem estabelecido que \u00e9 praticado em todo o mundo, mas o que confunde as pessoas sobre sua exist\u00eancia \u00e9 o termo usado nos EUA e na Gr\u00e3-Bretanha. Vale a pena mencionar aqui que termos como creche e playgroup s\u00e3o usados \u200b\u200b\u200b\u200bem vez de jardim de inf\u00e2ncia no Reino Unido, enquanto nos EUA, o termo Pr\u00e9-K \u00e9 usado principalmente em vez de jardim de inf\u00e2ncia.<\/p>\n<h2>Pr\u00e9-escola vs. Jardim de inf\u00e2ncia<\/h2>\n<ul>\n<li>Crian\u00e7as de 3 a 6 anos s\u00e3o eleg\u00edveis para entrar no jardim de inf\u00e2ncia, enquanto crian\u00e7as de 2 a 3 anos s\u00e3o ensinadas em pr\u00e9-escolas.<\/li>\n<li>O jardim de inf\u00e2ncia \u00e9 o in\u00edcio da educa\u00e7\u00e3o formal, enquanto a pr\u00e9-escola \u00e9 a educa\u00e7\u00e3o informal que prepara para a educa\u00e7\u00e3o formal.<\/li>\n<li>As aulas do jardim de inf\u00e2ncia s\u00e3o realizadas regularmente. Ao contr\u00e1rio disso, as aulas de pr\u00e9-escola s\u00e3o realizadas uma vez por semana ou em v\u00e1rios dias.<\/li>\n<li>A educa\u00e7\u00e3o pr\u00e9-escolar n\u00e3o \u00e9 obrigat\u00f3ria, enquanto a educa\u00e7\u00e3o pr\u00e9-escolar \u00e9 obrigat\u00f3ria em muitos pa\u00edses do mundo.<\/li>\n<li>A pr\u00e9-escola prepara as crian\u00e7as para que possam passar no exame e se matricular no jardim de inf\u00e2ncia de qualquer escola de renome. Por outro lado, os professores do jardim de inf\u00e2ncia ensinam as coisas de uma forma l\u00fadica com um ambiente de aula um pouco formal.<\/li>\n<\/ul>\n<div style=\"text-align:center;margin:0px 0px 15px 0px;\"><\/div>\n<\/div>\n","protected":false},"excerpt":{"rendered":"<p>Principal diferen\u00e7a Longe v\u00e3o os dias em que as crian\u00e7as deveriam come\u00e7ar diretamente com estudos formais, hor\u00e1rios dif\u00edceis e carga de aprendizado. Hoje, ambientes educacionais como pr\u00e9-escola e jardim de inf\u00e2ncia est\u00e3o em pr\u00e1tica o que garante o aprendizado das crian\u00e7as de forma mais eficiente. O jardim de inf\u00e2ncia \u00e9 o ambiente educacional em que &#8230; <a title=\"Diferen\u00e7a entre pr\u00e9-escola e jardim de inf\u00e2ncia\" class=\"read-more\" href=\"https:\/\/diferenciario.com\/br\/pr-escola-e-jardim-de-infncia\/\" aria-label=\"M\u00e1s en Diferen\u00e7a entre pr\u00e9-escola e jardim de inf\u00e2ncia\">Leia mais<\/a><\/p>\n","protected":false},"author":1,"featured_media":0,"comment_status":"closed","ping_status":"closed","sticky":false,"template":"","format":"standard","meta":{"footnotes":""},"categories":[6],"tags":[3293,3292],"class_list":["post-4370","post","type-post","status-publish","format-standard","hentry","category-educacao","tag-jardim-de-infancia","tag-pre-escola","no-featured-image-padding"],"yoast_head":"<!-- This site is optimized with the Yoast SEO plugin v19.13 - https:\/\/yoast.com\/wordpress\/plugins\/seo\/ -->\n<title>Diferen\u00e7a entre pr\u00e9-escola e jardim de inf\u00e2ncia<\/title>\n<meta name=\"description\" content=\"lll\u27a4 Principal diferen\u00e7a Longe v\u00e3o os dias em que as crian\u00e7as deveriam come\u00e7ar diretamente com estudos formais, hor\u00e1rios dif\u00edceis e carga de aprendizado. Hoje,\" \/>\n<meta name=\"robots\" content=\"index, follow, max-snippet:-1, max-image-preview:large, max-video-preview:-1\" \/>\n<link rel=\"canonical\" href=\"https:\/\/diferenciario.com\/br\/pr-escola-e-jardim-de-infncia\/\" \/>\n<meta property=\"og:locale\" content=\"es_ES\" \/>\n<meta property=\"og:type\" content=\"article\" \/>\n<meta property=\"og:title\" content=\"Diferen\u00e7a entre pr\u00e9-escola e jardim de inf\u00e2ncia\" \/>\n<meta property=\"og:description\" content=\"lll\u27a4 Principal diferen\u00e7a Longe v\u00e3o os dias em que as crian\u00e7as deveriam come\u00e7ar diretamente com estudos formais, hor\u00e1rios dif\u00edceis e carga de aprendizado. Hoje,\" \/>\n<meta property=\"og:url\" content=\"https:\/\/diferenciario.com\/br\/pr-escola-e-jardim-de-infncia\/\" \/>\n<meta property=\"og:site_name\" content=\"Diferenciario br\" \/>\n<meta property=\"article:published_time\" content=\"2022-02-22T06:51:44+00:00\" \/>\n<meta property=\"og:image\" content=\"https:\/\/diferenciario.com\/br\/wp-content\/uploads\/pr-escola-e-jardim-de-infncia.webp\" \/>\n<meta name=\"author\" content=\"javiervazquez_5mia2u1h\" \/>\n<meta name=\"twitter:card\" content=\"summary_large_image\" \/>\n<script type=\"application\/ld+json\" class=\"yoast-schema-graph\">{\"@context\":\"https:\/\/schema.org\",\"@graph\":[{\"@type\":\"Article\",\"@id\":\"https:\/\/diferenciario.com\/br\/pr-escola-e-jardim-de-infncia\/#article\",\"isPartOf\":{\"@id\":\"https:\/\/diferenciario.com\/br\/pr-escola-e-jardim-de-infncia\/\"},\"author\":{\"name\":\"javiervazquez_5mia2u1h\",\"@id\":\"https:\/\/diferenciario.com\/br\/#\/schema\/person\/56d044ad3bc3481dd45252b40b46ac75\"},\"headline\":\"Diferen\u00e7a entre pr\u00e9-escola e jardim de inf\u00e2ncia\",\"datePublished\":\"2022-02-22T06:51:44+00:00\",\"dateModified\":\"2022-02-22T06:51:44+00:00\",\"mainEntityOfPage\":{\"@id\":\"https:\/\/diferenciario.com\/br\/pr-escola-e-jardim-de-infncia\/\"},\"wordCount\":1248,\"publisher\":{\"@id\":\"https:\/\/diferenciario.com\/br\/#organization\"},\"keywords\":[\"Jardim de inf\u00e2ncia\",\"Pr\u00e9-escola\"],\"articleSection\":[\"Educa\u00e7\u00e3o\"],\"inLanguage\":\"es\"},{\"@type\":\"WebPage\",\"@id\":\"https:\/\/diferenciario.com\/br\/pr-escola-e-jardim-de-infncia\/\",\"url\":\"https:\/\/diferenciario.com\/br\/pr-escola-e-jardim-de-infncia\/\",\"name\":\"Diferen\u00e7a entre pr\u00e9-escola e jardim de inf\u00e2ncia\",\"isPartOf\":{\"@id\":\"https:\/\/diferenciario.com\/br\/#website\"},\"datePublished\":\"2022-02-22T06:51:44+00:00\",\"dateModified\":\"2022-02-22T06:51:44+00:00\",\"description\":\"lll\u27a4 Principal diferen\u00e7a Longe v\u00e3o os dias em que as crian\u00e7as deveriam come\u00e7ar diretamente com estudos formais, hor\u00e1rios dif\u00edceis e carga de aprendizado. Hoje,\",\"breadcrumb\":{\"@id\":\"https:\/\/diferenciario.com\/br\/pr-escola-e-jardim-de-infncia\/#breadcrumb\"},\"inLanguage\":\"es\",\"potentialAction\":[{\"@type\":\"ReadAction\",\"target\":[\"https:\/\/diferenciario.com\/br\/pr-escola-e-jardim-de-infncia\/\"]}]},{\"@type\":\"BreadcrumbList\",\"@id\":\"https:\/\/diferenciario.com\/br\/pr-escola-e-jardim-de-infncia\/#breadcrumb\",\"itemListElement\":[{\"@type\":\"ListItem\",\"position\":1,\"name\":\"Home\",\"item\":\"https:\/\/diferenciario.com\/br\/\"},{\"@type\":\"ListItem\",\"position\":2,\"name\":\"Diferen\u00e7a entre pr\u00e9-escola e jardim de inf\u00e2ncia\"}]},{\"@type\":\"WebSite\",\"@id\":\"https:\/\/diferenciario.com\/br\/#website\",\"url\":\"https:\/\/diferenciario.com\/br\/\",\"name\":\"Diferenciario br\",\"description\":\"\",\"publisher\":{\"@id\":\"https:\/\/diferenciario.com\/br\/#organization\"},\"potentialAction\":[{\"@type\":\"SearchAction\",\"target\":{\"@type\":\"EntryPoint\",\"urlTemplate\":\"https:\/\/diferenciario.com\/br\/?s={search_term_string}\"},\"query-input\":\"required name=search_term_string\"}],\"inLanguage\":\"es\"},{\"@type\":\"Organization\",\"@id\":\"https:\/\/diferenciario.com\/br\/#organization\",\"name\":\"Diferenciario br\",\"url\":\"https:\/\/diferenciario.com\/br\/\",\"logo\":{\"@type\":\"ImageObject\",\"inLanguage\":\"es\",\"@id\":\"https:\/\/diferenciario.com\/br\/#\/schema\/logo\/image\/\",\"url\":\"https:\/\/diferenciario.com\/br\/wp-content\/uploads\/logo-diferenciario-brazil.webp\",\"contentUrl\":\"https:\/\/diferenciario.com\/br\/wp-content\/uploads\/logo-diferenciario-brazil.webp\",\"width\":225,\"height\":33,\"caption\":\"Diferenciario br\"},\"image\":{\"@id\":\"https:\/\/diferenciario.com\/br\/#\/schema\/logo\/image\/\"}},{\"@type\":\"Person\",\"@id\":\"https:\/\/diferenciario.com\/br\/#\/schema\/person\/56d044ad3bc3481dd45252b40b46ac75\",\"name\":\"javiervazquez_5mia2u1h\",\"image\":{\"@type\":\"ImageObject\",\"inLanguage\":\"es\",\"@id\":\"https:\/\/diferenciario.com\/br\/#\/schema\/person\/image\/\",\"url\":\"https:\/\/secure.gravatar.com\/avatar\/8826c6e0d313911ff94b887c5c66bafcf74cfe0a1f0c1fcd76cc1a5400186f2e?s=96&d=mm&r=g\",\"contentUrl\":\"https:\/\/secure.gravatar.com\/avatar\/8826c6e0d313911ff94b887c5c66bafcf74cfe0a1f0c1fcd76cc1a5400186f2e?s=96&d=mm&r=g\",\"caption\":\"javiervazquez_5mia2u1h\"},\"sameAs\":[\"https:\/\/diferenciario.com\/br\"]}]}<\/script>\n<!-- \/ Yoast SEO plugin. -->","yoast_head_json":{"title":"Diferen\u00e7a entre pr\u00e9-escola e jardim de inf\u00e2ncia","description":"lll\u27a4 Principal diferen\u00e7a Longe v\u00e3o os dias em que as crian\u00e7as deveriam come\u00e7ar diretamente com estudos formais, hor\u00e1rios dif\u00edceis e carga de aprendizado. Hoje,","robots":{"index":"index","follow":"follow","max-snippet":"max-snippet:-1","max-image-preview":"max-image-preview:large","max-video-preview":"max-video-preview:-1"},"canonical":"https:\/\/diferenciario.com\/br\/pr-escola-e-jardim-de-infncia\/","og_locale":"es_ES","og_type":"article","og_title":"Diferen\u00e7a entre pr\u00e9-escola e jardim de inf\u00e2ncia","og_description":"lll\u27a4 Principal diferen\u00e7a Longe v\u00e3o os dias em que as crian\u00e7as deveriam come\u00e7ar diretamente com estudos formais, hor\u00e1rios dif\u00edceis e carga de aprendizado. Hoje,","og_url":"https:\/\/diferenciario.com\/br\/pr-escola-e-jardim-de-infncia\/","og_site_name":"Diferenciario br","article_published_time":"2022-02-22T06:51:44+00:00","og_image":[{"url":"https:\/\/diferenciario.com\/br\/wp-content\/uploads\/pr-escola-e-jardim-de-infncia.webp"}],"author":"javiervazquez_5mia2u1h","twitter_card":"summary_large_image","schema":{"@context":"https:\/\/schema.org","@graph":[{"@type":"Article","@id":"https:\/\/diferenciario.com\/br\/pr-escola-e-jardim-de-infncia\/#article","isPartOf":{"@id":"https:\/\/diferenciario.com\/br\/pr-escola-e-jardim-de-infncia\/"},"author":{"name":"javiervazquez_5mia2u1h","@id":"https:\/\/diferenciario.com\/br\/#\/schema\/person\/56d044ad3bc3481dd45252b40b46ac75"},"headline":"Diferen\u00e7a entre pr\u00e9-escola e jardim de inf\u00e2ncia","datePublished":"2022-02-22T06:51:44+00:00","dateModified":"2022-02-22T06:51:44+00:00","mainEntityOfPage":{"@id":"https:\/\/diferenciario.com\/br\/pr-escola-e-jardim-de-infncia\/"},"wordCount":1248,"publisher":{"@id":"https:\/\/diferenciario.com\/br\/#organization"},"keywords":["Jardim de inf\u00e2ncia","Pr\u00e9-escola"],"articleSection":["Educa\u00e7\u00e3o"],"inLanguage":"es"},{"@type":"WebPage","@id":"https:\/\/diferenciario.com\/br\/pr-escola-e-jardim-de-infncia\/","url":"https:\/\/diferenciario.com\/br\/pr-escola-e-jardim-de-infncia\/","name":"Diferen\u00e7a entre pr\u00e9-escola e jardim de inf\u00e2ncia","isPartOf":{"@id":"https:\/\/diferenciario.com\/br\/#website"},"datePublished":"2022-02-22T06:51:44+00:00","dateModified":"2022-02-22T06:51:44+00:00","description":"lll\u27a4 Principal diferen\u00e7a Longe v\u00e3o os dias em que as crian\u00e7as deveriam come\u00e7ar diretamente com estudos formais, hor\u00e1rios dif\u00edceis e carga de aprendizado. Hoje,","breadcrumb":{"@id":"https:\/\/diferenciario.com\/br\/pr-escola-e-jardim-de-infncia\/#breadcrumb"},"inLanguage":"es","potentialAction":[{"@type":"ReadAction","target":["https:\/\/diferenciario.com\/br\/pr-escola-e-jardim-de-infncia\/"]}]},{"@type":"BreadcrumbList","@id":"https:\/\/diferenciario.com\/br\/pr-escola-e-jardim-de-infncia\/#breadcrumb","itemListElement":[{"@type":"ListItem","position":1,"name":"Home","item":"https:\/\/diferenciario.com\/br\/"},{"@type":"ListItem","position":2,"name":"Diferen\u00e7a entre pr\u00e9-escola e jardim de inf\u00e2ncia"}]},{"@type":"WebSite","@id":"https:\/\/diferenciario.com\/br\/#website","url":"https:\/\/diferenciario.com\/br\/","name":"Diferenciario br","description":"","publisher":{"@id":"https:\/\/diferenciario.com\/br\/#organization"},"potentialAction":[{"@type":"SearchAction","target":{"@type":"EntryPoint","urlTemplate":"https:\/\/diferenciario.com\/br\/?s={search_term_string}"},"query-input":"required name=search_term_string"}],"inLanguage":"es"},{"@type":"Organization","@id":"https:\/\/diferenciario.com\/br\/#organization","name":"Diferenciario br","url":"https:\/\/diferenciario.com\/br\/","logo":{"@type":"ImageObject","inLanguage":"es","@id":"https:\/\/diferenciario.com\/br\/#\/schema\/logo\/image\/","url":"https:\/\/diferenciario.com\/br\/wp-content\/uploads\/logo-diferenciario-brazil.webp","contentUrl":"https:\/\/diferenciario.com\/br\/wp-content\/uploads\/logo-diferenciario-brazil.webp","width":225,"height":33,"caption":"Diferenciario br"},"image":{"@id":"https:\/\/diferenciario.com\/br\/#\/schema\/logo\/image\/"}},{"@type":"Person","@id":"https:\/\/diferenciario.com\/br\/#\/schema\/person\/56d044ad3bc3481dd45252b40b46ac75","name":"javiervazquez_5mia2u1h","image":{"@type":"ImageObject","inLanguage":"es","@id":"https:\/\/diferenciario.com\/br\/#\/schema\/person\/image\/","url":"https:\/\/secure.gravatar.com\/avatar\/8826c6e0d313911ff94b887c5c66bafcf74cfe0a1f0c1fcd76cc1a5400186f2e?s=96&d=mm&r=g","contentUrl":"https:\/\/secure.gravatar.com\/avatar\/8826c6e0d313911ff94b887c5c66bafcf74cfe0a1f0c1fcd76cc1a5400186f2e?s=96&d=mm&r=g","caption":"javiervazquez_5mia2u1h"},"sameAs":["https:\/\/diferenciario.com\/br"]}]}},"_links":{"self":[{"href":"https:\/\/diferenciario.com\/br\/wp-json\/wp\/v2\/posts\/4370","targetHints":{"allow":["GET"]}}],"collection":[{"href":"https:\/\/diferenciario.com\/br\/wp-json\/wp\/v2\/posts"}],"about":[{"href":"https:\/\/diferenciario.com\/br\/wp-json\/wp\/v2\/types\/post"}],"author":[{"embeddable":true,"href":"https:\/\/diferenciario.com\/br\/wp-json\/wp\/v2\/users\/1"}],"replies":[{"embeddable":true,"href":"https:\/\/diferenciario.com\/br\/wp-json\/wp\/v2\/comments?post=4370"}],"version-history":[{"count":0,"href":"https:\/\/diferenciario.com\/br\/wp-json\/wp\/v2\/posts\/4370\/revisions"}],"wp:attachment":[{"href":"https:\/\/diferenciario.com\/br\/wp-json\/wp\/v2\/media?parent=4370"}],"wp:term":[{"taxonomy":"category","embeddable":true,"href":"https:\/\/diferenciario.com\/br\/wp-json\/wp\/v2\/categories?post=4370"},{"taxonomy":"post_tag","embeddable":true,"href":"https:\/\/diferenciario.com\/br\/wp-json\/wp\/v2\/tags?post=4370"}],"curies":[{"name":"wp","href":"https:\/\/api.w.org\/{rel}","templated":true}]}}