{"id":4400,"date":"2021-12-25T22:28:09","date_gmt":"2021-12-25T22:28:09","guid":{"rendered":"https:\/\/diferenciario.com\/br\/propsito-e-objetivo\/"},"modified":"2021-12-25T22:28:09","modified_gmt":"2021-12-25T22:28:09","slug":"propsito-e-objetivo","status":"publish","type":"post","link":"https:\/\/diferenciario.com\/br\/propsito-e-objetivo\/","title":{"rendered":"Diferen\u00e7a entre prop\u00f3sito e objetivo"},"content":{"rendered":"<p><img loading=\"lazy\" decoding=\"async\" class=\"aligncenter size-full wp-image-2581\" src=\"https:\/\/diferenciario.com\/br\/wp-content\/uploads\/propsito-e-objetivo.webp\" alt=\"Diferen\u00e7a entre prop\u00f3sito e objetivo\" width=\"650\" height=\"450\" \/><\/p>\n<div>\n<h2>Principal diferen\u00e7a<\/h2>\n<p>\u00c0s vezes, duas frases t\u00eam significados t\u00e3o compar\u00e1veis \u200b\u200bque as pessoas come\u00e7am a us\u00e1-las em um contexto semelhante. Isso acontece \u00e0s vezes que, com o tempo, os significados exatos se perdem e as defini\u00e7\u00f5es de moda s\u00e3o enfocadas. As duas frases discutidas neste conte\u00fado textual s\u00e3o meta e prop\u00f3sito, e elas enfrentam um problema semelhante. Embora possam se tornar sin\u00f4nimos, eles mant\u00eam sua distin\u00e7\u00e3o. A frase objetivo \u00e9 descrita como a raz\u00e3o pela qual um fator ocorre, um fator existe ou um fator \u00e9 conclu\u00eddo. Por outro lado, a finalidade do intervalo de tempo \u00e9 descrita como resultado do problema que uma pessoa tem como alvo e deseja entender como seu objetivo.<\/p>\n<h2>Quadro comparativo<\/h2>\n<section style=\"width:100%;overflow-x:auto;overflow-y:hidden;\">\n<table>\n<tbody>\n<tr>\n<td><strong>Base<\/strong><\/td>\n<td><strong>Objetivo<\/strong><\/td>\n<td><strong>Alvo<\/strong><\/td>\n<\/tr>\n<tr>\n<td><strong>Defini\u00e7\u00e3o<\/strong><\/td>\n<td>O gatilho pelo qual um fator ocorre, um fator existe ou um fator \u00e9 conclu\u00eddo.<\/td>\n<td>o assunto que uma pessoa tem visado e quis entender como seu objetivo.<\/td>\n<\/tr>\n<tr>\n<td><strong>Origem<\/strong><\/td>\n<td>o autor da frase francesa acima que passou para a frase inglesa de recomendar<\/td>\n<td>A frase latina objectum, e com a combina\u00e7\u00e3o da frase object<\/td>\n<\/tr>\n<tr>\n<td><strong>Exemplo<\/strong><\/td>\n<td>\u201cEsta escola foi especialmente escolhida com o objetivo de obter as maiores vanens na cultura vocal e no treinamento de leitura labial.\u201d<\/td>\n<td>\u00abO principal objetivo \u00e9 alcan\u00e7ar as melhores pr\u00e1ticas de interoperabilidade de longo prazo entre seus sistemas.\u00bb<\/td>\n<\/tr>\n<tr>\n<td><strong>Cara<\/strong><\/td>\n<td>objetivo de longo prazo<\/td>\n<td>objetivo a curto prazo<\/td>\n<\/tr>\n<\/tbody>\n<\/table>\n<\/section>\n<h2>Qual \u00e9 o prop\u00f3sito?<\/h2>\n<p>A frase alvo ser\u00e1 descrita como a raz\u00e3o pela qual um fator ocorre, um fator existe ou um fator \u00e9 conclu\u00eddo. O intervalo de tempo originou-se do proponente da frase em franc\u00eas acima que passou para a frase em ingl\u00eas recomendar e, em seguida, obteve o tipo distinto de alvo. Torna-se o movimento de qualquer indiv\u00edduo, ent\u00e3o ele est\u00e1 motivado. \u00c0s vezes, se um time de futebol precisa vencer a partida, seu principal objetivo passa a ser alcan\u00e7ar objetivos adicionais aos do grupo advers\u00e1rio. A melhor op\u00e7\u00e3o para esclarecer o intervalo de tempo se torna depois de us\u00e1-lo em algumas frases. \u00abEsta escola foi escolhida especialmente por obter as maiores vanens em cultura vocal e treinamento de leitura labial.\u00bb Outra frase para a mesma frase se torna; \u201cMeu prop\u00f3sito neste cap\u00edtulo n\u00e3o ser\u00e1 persuadir o leitor de qualquer doutrina de pol\u00edtica comercial; por favor, aplique seus valores pol\u00edticos e sociais como achar melhor.\u00bb Vemos que a pr\u00f3pria inten\u00e7\u00e3o principal aqui se torna um fator que lhe d\u00e1 motiva\u00e7\u00e3o ou inspira\u00e7\u00e3o. Portanto, uma defini\u00e7\u00e3o diferente para a mesma frase torna-se a for\u00e7a de vontade ou resolu\u00e7\u00e3o de uma pessoa ap\u00f3s adquirir um fator. Quando uma pessoa pretende fazer alguma coisa, ela consegue isso relativamente mais para entender que, uma vitalidade adicional simplesmente vem dentro dela para dar algum significado \u00e0s suas a\u00e7\u00f5es. uma defini\u00e7\u00e3o diferente para a mesma frase torna-se a for\u00e7a de vontade ou resolu\u00e7\u00e3o de uma pessoa depois de adquirir um fator. Quando uma pessoa pretende fazer alguma coisa, ela consegue isso relativamente mais para entender que, uma vitalidade adicional simplesmente vem dentro dela para dar algum significado \u00e0s suas a\u00e7\u00f5es. uma defini\u00e7\u00e3o diferente para a mesma frase torna-se a for\u00e7a de vontade ou resolu\u00e7\u00e3o de uma pessoa ap\u00f3s adquirir um fator. Quando uma pessoa pretende fazer alguma coisa, ela consegue isso relativamente mais para entender que, uma vitalidade adicional simplesmente vem dentro dela para dar algum significado \u00e0s suas a\u00e7\u00f5es.<\/p>\n<h2>Qual \u00e9 o objetivo?<\/h2>\n<p>A frase prop\u00f3sito ser\u00e1 descrita como resultado do problema que uma pessoa abordou e quer entender como seu objetivo. Existem alguns significados totalmente diferentes da frase semelhante que ajudam a esclarec\u00ea-la um pouco mais. Uma pessoa se torna algo conhecido como prop\u00f3sito quando n\u00e3o tem efeito sobre os problemas que ocorrem nela. Assim como decidir pela ag\u00eancia de melhorias que pode ter alguns pontos de resid\u00eancia, no entanto, uma pessoa faz a sele\u00e7\u00e3o baseada inteiramente em sua vontade, n\u00e3o em emo\u00e7\u00f5es. A frase originou-se da frase latina objectum e com a combina\u00e7\u00e3o da frase object, entrou na l\u00edngua por volta do dia <sup>17<\/sup>s\u00e9culo. Um m\u00e9todo mais amplo para entender o significado passa a ser us\u00e1-lo em poucas frases. \u00abO principal objetivo \u00e9 alcan\u00e7ar as melhores pr\u00e1ticas de interoperabilidade de longo prazo entre seus sistemas.\u00bb Outra frase e frase v\u00e3o como; \u00abMinha primeira op\u00e7\u00e3o foi ligar para o escrit\u00f3rio de Atlanta, mas eu queria saber se conseguiria uma audi\u00eancia mais objetiva de um escrit\u00f3rio mais distante da rede de um bom garoto.\u00bb Quando uma pessoa tem um objetivo de suas id\u00e9ias, ele tem o poder de lutar por ele maior do que os outros. Assim como um garotinho que deve ser o primeiro da classe, a an\u00e1lise extra, o trabalho mais duradouro, e ent\u00e3o conseguir seu prop\u00f3sito por causa de sua energia.<\/p>\n<h2>Principais diferen\u00e7as<\/h2>\n<ol>\n<li>A frase alvo ser\u00e1 descrita como a raz\u00e3o pela qual um fator ocorre, um fator existe ou um fator \u00e9 conclu\u00eddo. Por outro lado, a finalidade do intervalo de tempo ser\u00e1 descrita como o resultado do problema que uma pessoa tem como alvo e queria entender como seu objetivo.<\/li>\n<li>A primeira determina\u00e7\u00e3o originou-se do proponente da frase em franc\u00eas acima, que passou para a frase em ingl\u00eas de recomendar e, em seguida, obteve o tipo distinto de alvo. O seguinte para determinar sua origem na frase latina objectum, e com a combina\u00e7\u00e3o da frase objeto, que entrou na l\u00edngua pelo s\u00e9culo XVII <sup>como<\/sup> objetivo.<\/li>\n<li>A ocasi\u00e3o da senten\u00e7a do gol vai como; \u201cMeu prop\u00f3sito neste cap\u00edtulo n\u00e3o ser\u00e1 persuadir o leitor de qualquer doutrina de pol\u00edtica comercial; por favor, aplique seus valores pol\u00edticos e sociais como achar melhor.\u00bb A ocasi\u00e3o do julgamento vai como; \u201cMinha primeira escolha foi telefonar para o escrit\u00f3rio de Atlanta, mas fiquei surpreso se serviria a um prop\u00f3sito adicional ouvir de um escrit\u00f3rio mais distante em um grande bairro de crian\u00e7as.<\/li>\n<li>O objetivo de uma pessoa torna-se um fator que todos desejam adquirir com suas vidas. Por outro lado, o objetivo \u00e9 um fator que eles querem alcan\u00e7ar ao longo do tempo.<\/li>\n<li>A meta pode se tornar uma meta de longo prazo, ent\u00e3o mais uma vez a meta pode se tornar uma meta de curto prazo.<\/li>\n<\/ol>\n<div style=\"text-align:center;margin:0px 0px 15px 0px;\"><\/div>\n<\/div>\n","protected":false},"excerpt":{"rendered":"<p>Principal diferen\u00e7a \u00c0s vezes, duas frases t\u00eam significados t\u00e3o compar\u00e1veis \u200b\u200bque as pessoas come\u00e7am a us\u00e1-las em um contexto semelhante. Isso acontece \u00e0s vezes que, com o tempo, os significados exatos se perdem e as defini\u00e7\u00f5es de moda s\u00e3o enfocadas. As duas frases discutidas neste conte\u00fado textual s\u00e3o meta e prop\u00f3sito, e elas enfrentam um &#8230; <a title=\"Diferen\u00e7a entre prop\u00f3sito e objetivo\" class=\"read-more\" href=\"https:\/\/diferenciario.com\/br\/propsito-e-objetivo\/\" aria-label=\"M\u00e1s en Diferen\u00e7a entre prop\u00f3sito e objetivo\">Leia mais<\/a><\/p>\n","protected":false},"author":1,"featured_media":0,"comment_status":"closed","ping_status":"closed","sticky":false,"template":"","format":"standard","meta":{"footnotes":""},"categories":[4186],"tags":[2999,5064],"class_list":["post-4400","post","type-post","status-publish","format-standard","hentry","category-linguagem","tag-objetivo","tag-proposito","no-featured-image-padding"],"yoast_head":"<!-- This site is optimized with the Yoast SEO plugin v19.13 - https:\/\/yoast.com\/wordpress\/plugins\/seo\/ -->\n<title>Diferen\u00e7a entre prop\u00f3sito e objetivo<\/title>\n<meta name=\"description\" content=\"lll\u27a4 Principal diferen\u00e7a \u00c0s vezes, duas frases t\u00eam significados t\u00e3o compar\u00e1veis \u200b\u200bque as pessoas come\u00e7am a us\u00e1-las em um contexto semelhante. Isso acontece \u00e0s\" \/>\n<meta name=\"robots\" content=\"index, follow, max-snippet:-1, max-image-preview:large, max-video-preview:-1\" \/>\n<link rel=\"canonical\" href=\"https:\/\/diferenciario.com\/br\/propsito-e-objetivo\/\" \/>\n<meta property=\"og:locale\" content=\"es_ES\" \/>\n<meta property=\"og:type\" content=\"article\" \/>\n<meta property=\"og:title\" content=\"Diferen\u00e7a entre prop\u00f3sito e objetivo\" \/>\n<meta property=\"og:description\" content=\"lll\u27a4 Principal diferen\u00e7a \u00c0s vezes, duas frases t\u00eam significados t\u00e3o compar\u00e1veis \u200b\u200bque as pessoas come\u00e7am a us\u00e1-las em um contexto semelhante. Isso acontece \u00e0s\" \/>\n<meta property=\"og:url\" content=\"https:\/\/diferenciario.com\/br\/propsito-e-objetivo\/\" \/>\n<meta property=\"og:site_name\" content=\"Diferenciario br\" \/>\n<meta property=\"article:published_time\" content=\"2021-12-25T22:28:09+00:00\" \/>\n<meta property=\"og:image\" content=\"https:\/\/diferenciario.com\/br\/wp-content\/uploads\/propsito-e-objetivo.webp\" \/>\n<meta name=\"author\" content=\"javiervazquez_5mia2u1h\" \/>\n<meta name=\"twitter:card\" content=\"summary_large_image\" \/>\n<script type=\"application\/ld+json\" class=\"yoast-schema-graph\">{\"@context\":\"https:\/\/schema.org\",\"@graph\":[{\"@type\":\"Article\",\"@id\":\"https:\/\/diferenciario.com\/br\/propsito-e-objetivo\/#article\",\"isPartOf\":{\"@id\":\"https:\/\/diferenciario.com\/br\/propsito-e-objetivo\/\"},\"author\":{\"name\":\"javiervazquez_5mia2u1h\",\"@id\":\"https:\/\/diferenciario.com\/br\/#\/schema\/person\/56d044ad3bc3481dd45252b40b46ac75\"},\"headline\":\"Diferen\u00e7a entre prop\u00f3sito e objetivo\",\"datePublished\":\"2021-12-25T22:28:09+00:00\",\"dateModified\":\"2021-12-25T22:28:09+00:00\",\"mainEntityOfPage\":{\"@id\":\"https:\/\/diferenciario.com\/br\/propsito-e-objetivo\/\"},\"wordCount\":1104,\"publisher\":{\"@id\":\"https:\/\/diferenciario.com\/br\/#organization\"},\"keywords\":[\"Objetivo\",\"Prop\u00f3sito\"],\"articleSection\":[\"Linguagem\"],\"inLanguage\":\"es\"},{\"@type\":\"WebPage\",\"@id\":\"https:\/\/diferenciario.com\/br\/propsito-e-objetivo\/\",\"url\":\"https:\/\/diferenciario.com\/br\/propsito-e-objetivo\/\",\"name\":\"Diferen\u00e7a entre prop\u00f3sito e objetivo\",\"isPartOf\":{\"@id\":\"https:\/\/diferenciario.com\/br\/#website\"},\"datePublished\":\"2021-12-25T22:28:09+00:00\",\"dateModified\":\"2021-12-25T22:28:09+00:00\",\"description\":\"lll\u27a4 Principal diferen\u00e7a \u00c0s vezes, duas frases t\u00eam significados t\u00e3o compar\u00e1veis \u200b\u200bque as pessoas come\u00e7am a us\u00e1-las em um contexto semelhante. Isso acontece \u00e0s\",\"breadcrumb\":{\"@id\":\"https:\/\/diferenciario.com\/br\/propsito-e-objetivo\/#breadcrumb\"},\"inLanguage\":\"es\",\"potentialAction\":[{\"@type\":\"ReadAction\",\"target\":[\"https:\/\/diferenciario.com\/br\/propsito-e-objetivo\/\"]}]},{\"@type\":\"BreadcrumbList\",\"@id\":\"https:\/\/diferenciario.com\/br\/propsito-e-objetivo\/#breadcrumb\",\"itemListElement\":[{\"@type\":\"ListItem\",\"position\":1,\"name\":\"Home\",\"item\":\"https:\/\/diferenciario.com\/br\/\"},{\"@type\":\"ListItem\",\"position\":2,\"name\":\"Diferen\u00e7a entre prop\u00f3sito e objetivo\"}]},{\"@type\":\"WebSite\",\"@id\":\"https:\/\/diferenciario.com\/br\/#website\",\"url\":\"https:\/\/diferenciario.com\/br\/\",\"name\":\"Diferenciario br\",\"description\":\"\",\"publisher\":{\"@id\":\"https:\/\/diferenciario.com\/br\/#organization\"},\"potentialAction\":[{\"@type\":\"SearchAction\",\"target\":{\"@type\":\"EntryPoint\",\"urlTemplate\":\"https:\/\/diferenciario.com\/br\/?s={search_term_string}\"},\"query-input\":\"required name=search_term_string\"}],\"inLanguage\":\"es\"},{\"@type\":\"Organization\",\"@id\":\"https:\/\/diferenciario.com\/br\/#organization\",\"name\":\"Diferenciario br\",\"url\":\"https:\/\/diferenciario.com\/br\/\",\"logo\":{\"@type\":\"ImageObject\",\"inLanguage\":\"es\",\"@id\":\"https:\/\/diferenciario.com\/br\/#\/schema\/logo\/image\/\",\"url\":\"https:\/\/diferenciario.com\/br\/wp-content\/uploads\/logo-diferenciario-brazil.webp\",\"contentUrl\":\"https:\/\/diferenciario.com\/br\/wp-content\/uploads\/logo-diferenciario-brazil.webp\",\"width\":225,\"height\":33,\"caption\":\"Diferenciario br\"},\"image\":{\"@id\":\"https:\/\/diferenciario.com\/br\/#\/schema\/logo\/image\/\"}},{\"@type\":\"Person\",\"@id\":\"https:\/\/diferenciario.com\/br\/#\/schema\/person\/56d044ad3bc3481dd45252b40b46ac75\",\"name\":\"javiervazquez_5mia2u1h\",\"image\":{\"@type\":\"ImageObject\",\"inLanguage\":\"es\",\"@id\":\"https:\/\/diferenciario.com\/br\/#\/schema\/person\/image\/\",\"url\":\"https:\/\/secure.gravatar.com\/avatar\/8826c6e0d313911ff94b887c5c66bafcf74cfe0a1f0c1fcd76cc1a5400186f2e?s=96&d=mm&r=g\",\"contentUrl\":\"https:\/\/secure.gravatar.com\/avatar\/8826c6e0d313911ff94b887c5c66bafcf74cfe0a1f0c1fcd76cc1a5400186f2e?s=96&d=mm&r=g\",\"caption\":\"javiervazquez_5mia2u1h\"},\"sameAs\":[\"https:\/\/diferenciario.com\/br\"]}]}<\/script>\n<!-- \/ Yoast SEO plugin. -->","yoast_head_json":{"title":"Diferen\u00e7a entre prop\u00f3sito e objetivo","description":"lll\u27a4 Principal diferen\u00e7a \u00c0s vezes, duas frases t\u00eam significados t\u00e3o compar\u00e1veis \u200b\u200bque as pessoas come\u00e7am a us\u00e1-las em um contexto semelhante. Isso acontece \u00e0s","robots":{"index":"index","follow":"follow","max-snippet":"max-snippet:-1","max-image-preview":"max-image-preview:large","max-video-preview":"max-video-preview:-1"},"canonical":"https:\/\/diferenciario.com\/br\/propsito-e-objetivo\/","og_locale":"es_ES","og_type":"article","og_title":"Diferen\u00e7a entre prop\u00f3sito e objetivo","og_description":"lll\u27a4 Principal diferen\u00e7a \u00c0s vezes, duas frases t\u00eam significados t\u00e3o compar\u00e1veis \u200b\u200bque as pessoas come\u00e7am a us\u00e1-las em um contexto semelhante. Isso acontece \u00e0s","og_url":"https:\/\/diferenciario.com\/br\/propsito-e-objetivo\/","og_site_name":"Diferenciario br","article_published_time":"2021-12-25T22:28:09+00:00","og_image":[{"url":"https:\/\/diferenciario.com\/br\/wp-content\/uploads\/propsito-e-objetivo.webp"}],"author":"javiervazquez_5mia2u1h","twitter_card":"summary_large_image","schema":{"@context":"https:\/\/schema.org","@graph":[{"@type":"Article","@id":"https:\/\/diferenciario.com\/br\/propsito-e-objetivo\/#article","isPartOf":{"@id":"https:\/\/diferenciario.com\/br\/propsito-e-objetivo\/"},"author":{"name":"javiervazquez_5mia2u1h","@id":"https:\/\/diferenciario.com\/br\/#\/schema\/person\/56d044ad3bc3481dd45252b40b46ac75"},"headline":"Diferen\u00e7a entre prop\u00f3sito e objetivo","datePublished":"2021-12-25T22:28:09+00:00","dateModified":"2021-12-25T22:28:09+00:00","mainEntityOfPage":{"@id":"https:\/\/diferenciario.com\/br\/propsito-e-objetivo\/"},"wordCount":1104,"publisher":{"@id":"https:\/\/diferenciario.com\/br\/#organization"},"keywords":["Objetivo","Prop\u00f3sito"],"articleSection":["Linguagem"],"inLanguage":"es"},{"@type":"WebPage","@id":"https:\/\/diferenciario.com\/br\/propsito-e-objetivo\/","url":"https:\/\/diferenciario.com\/br\/propsito-e-objetivo\/","name":"Diferen\u00e7a entre prop\u00f3sito e objetivo","isPartOf":{"@id":"https:\/\/diferenciario.com\/br\/#website"},"datePublished":"2021-12-25T22:28:09+00:00","dateModified":"2021-12-25T22:28:09+00:00","description":"lll\u27a4 Principal diferen\u00e7a \u00c0s vezes, duas frases t\u00eam significados t\u00e3o compar\u00e1veis \u200b\u200bque as pessoas come\u00e7am a us\u00e1-las em um contexto semelhante. Isso acontece \u00e0s","breadcrumb":{"@id":"https:\/\/diferenciario.com\/br\/propsito-e-objetivo\/#breadcrumb"},"inLanguage":"es","potentialAction":[{"@type":"ReadAction","target":["https:\/\/diferenciario.com\/br\/propsito-e-objetivo\/"]}]},{"@type":"BreadcrumbList","@id":"https:\/\/diferenciario.com\/br\/propsito-e-objetivo\/#breadcrumb","itemListElement":[{"@type":"ListItem","position":1,"name":"Home","item":"https:\/\/diferenciario.com\/br\/"},{"@type":"ListItem","position":2,"name":"Diferen\u00e7a entre prop\u00f3sito e objetivo"}]},{"@type":"WebSite","@id":"https:\/\/diferenciario.com\/br\/#website","url":"https:\/\/diferenciario.com\/br\/","name":"Diferenciario br","description":"","publisher":{"@id":"https:\/\/diferenciario.com\/br\/#organization"},"potentialAction":[{"@type":"SearchAction","target":{"@type":"EntryPoint","urlTemplate":"https:\/\/diferenciario.com\/br\/?s={search_term_string}"},"query-input":"required name=search_term_string"}],"inLanguage":"es"},{"@type":"Organization","@id":"https:\/\/diferenciario.com\/br\/#organization","name":"Diferenciario br","url":"https:\/\/diferenciario.com\/br\/","logo":{"@type":"ImageObject","inLanguage":"es","@id":"https:\/\/diferenciario.com\/br\/#\/schema\/logo\/image\/","url":"https:\/\/diferenciario.com\/br\/wp-content\/uploads\/logo-diferenciario-brazil.webp","contentUrl":"https:\/\/diferenciario.com\/br\/wp-content\/uploads\/logo-diferenciario-brazil.webp","width":225,"height":33,"caption":"Diferenciario br"},"image":{"@id":"https:\/\/diferenciario.com\/br\/#\/schema\/logo\/image\/"}},{"@type":"Person","@id":"https:\/\/diferenciario.com\/br\/#\/schema\/person\/56d044ad3bc3481dd45252b40b46ac75","name":"javiervazquez_5mia2u1h","image":{"@type":"ImageObject","inLanguage":"es","@id":"https:\/\/diferenciario.com\/br\/#\/schema\/person\/image\/","url":"https:\/\/secure.gravatar.com\/avatar\/8826c6e0d313911ff94b887c5c66bafcf74cfe0a1f0c1fcd76cc1a5400186f2e?s=96&d=mm&r=g","contentUrl":"https:\/\/secure.gravatar.com\/avatar\/8826c6e0d313911ff94b887c5c66bafcf74cfe0a1f0c1fcd76cc1a5400186f2e?s=96&d=mm&r=g","caption":"javiervazquez_5mia2u1h"},"sameAs":["https:\/\/diferenciario.com\/br"]}]}},"_links":{"self":[{"href":"https:\/\/diferenciario.com\/br\/wp-json\/wp\/v2\/posts\/4400","targetHints":{"allow":["GET"]}}],"collection":[{"href":"https:\/\/diferenciario.com\/br\/wp-json\/wp\/v2\/posts"}],"about":[{"href":"https:\/\/diferenciario.com\/br\/wp-json\/wp\/v2\/types\/post"}],"author":[{"embeddable":true,"href":"https:\/\/diferenciario.com\/br\/wp-json\/wp\/v2\/users\/1"}],"replies":[{"embeddable":true,"href":"https:\/\/diferenciario.com\/br\/wp-json\/wp\/v2\/comments?post=4400"}],"version-history":[{"count":0,"href":"https:\/\/diferenciario.com\/br\/wp-json\/wp\/v2\/posts\/4400\/revisions"}],"wp:attachment":[{"href":"https:\/\/diferenciario.com\/br\/wp-json\/wp\/v2\/media?parent=4400"}],"wp:term":[{"taxonomy":"category","embeddable":true,"href":"https:\/\/diferenciario.com\/br\/wp-json\/wp\/v2\/categories?post=4400"},{"taxonomy":"post_tag","embeddable":true,"href":"https:\/\/diferenciario.com\/br\/wp-json\/wp\/v2\/tags?post=4400"}],"curies":[{"name":"wp","href":"https:\/\/api.w.org\/{rel}","templated":true}]}}