{"id":4465,"date":"2021-12-14T10:42:39","date_gmt":"2021-12-14T10:42:39","guid":{"rendered":"https:\/\/diferenciario.com\/br\/reaes-de-luz-e-reaes-de-escurido-na-fotossntese\/"},"modified":"2021-12-14T10:42:39","modified_gmt":"2021-12-14T10:42:39","slug":"reaes-de-luz-e-reaes-de-escurido-na-fotossntese","status":"publish","type":"post","link":"https:\/\/diferenciario.com\/br\/reaes-de-luz-e-reaes-de-escurido-na-fotossntese\/","title":{"rendered":"Diferen\u00e7a entre rea\u00e7\u00f5es de luz e rea\u00e7\u00f5es de escurid\u00e3o na fotoss\u00edntese"},"content":{"rendered":"<p><img loading=\"lazy\" decoding=\"async\" class=\"aligncenter size-full wp-image-2581\" src=\"https:\/\/diferenciario.com\/br\/wp-content\/uploads\/reaes-de-luz-e-reaes-de-escurido-na-fotossntese.webp\" alt=\"Diferen\u00e7a entre rea\u00e7\u00f5es de luz e rea\u00e7\u00f5es de escurid\u00e3o na fotoss\u00edntese\" width=\"650\" height=\"450\" \/><\/p>\n<div>\n<h2>Principal diferen\u00e7a<\/h2>\n<p>A fotoss\u00edntese \u00e9 o processo de produ\u00e7\u00e3o de alimentos realizado por organismos que possuem c\u00e9lulas de clorofila. Principalmente, esse processo de fabrica\u00e7\u00e3o de alimentos est\u00e1 associado a plantas que possuem c\u00e9lulas de clorofila abundantes. O processo de fotoss\u00edntese \u00e9 uma esp\u00e9cie de processo reverso de respira\u00e7\u00e3o que ocorre em cada organismo. Sempre se diz que o processo de fotoss\u00edntese necessita de luz solar para que ocorra enquanto, olhando mais de perto o processo, pode ser dividido em duas fases; rea\u00e7\u00f5es de luz e a outra s\u00e3o rea\u00e7\u00f5es de escuro.Como o nome sugere, a rea\u00e7\u00e3o de luz \u00e9 a fase inicial do processo de fotoss\u00edntese e requer luz, enquanto a rea\u00e7\u00e3o de escuro \u00e9 a fase posterior do processo de fotoss\u00edntese e n\u00e3o requer energia da luz. Em rea\u00e7\u00e3o \u00e0 luz,<\/p>\n<h2>Quadro comparativo<\/h2>\n<section style=\"width:100%;overflow-x:auto;overflow-y:hidden;\">\n<table>\n<tbody>\n<tr>\n<td><\/td>\n<td><strong>rea\u00e7\u00f5es de luz<\/strong><\/td>\n<td><strong>rea\u00e7\u00f5es escuras na fotoss\u00edntese<\/strong><\/td>\n<\/tr>\n<tr>\n<td><strong>Defini\u00e7\u00e3o<\/strong><\/td>\n<td>Como o pr\u00f3prio nome sugere, a rea\u00e7\u00e3o da luz \u00e9 a fase inicial do processo de fotoss\u00edntese e requer luz.<\/td>\n<td>A rea\u00e7\u00e3o escura \u00e9 a \u00faltima fase do processo de fotoss\u00edntese e n\u00e3o requer energia luminosa.<\/td>\n<\/tr>\n<tr>\n<td><strong>Fun\u00e7\u00e3o principal<\/strong><\/td>\n<td>Na rea\u00e7\u00e3o \u00e0 luz, ocorre a fot\u00f3lise da \u00e1gua e s\u00e3o formadas mol\u00e9culas de energia como NADPH2 e ATP.<\/td>\n<td>Na rea\u00e7\u00e3o escura, a redu\u00e7\u00e3o de carbono ocorre usando os produtos energ\u00e9ticos das rea\u00e7\u00f5es de luz NADPH2 e ATP.<\/td>\n<\/tr>\n<tr>\n<td><strong>Dia e noite<\/strong><\/td>\n<td>As rea\u00e7\u00f5es \u00e0 luz podem ocorrer durante o dia, pois requerem luz.<\/td>\n<td>As rea\u00e7\u00f5es escuras podem ocorrer 24 horas por dia.<\/td>\n<\/tr>\n<tr>\n<td><strong>local de rea\u00e7\u00e3o<\/strong><\/td>\n<td>As rea\u00e7\u00f5es de luz ocorrem nos grana do cloroplasto.<\/td>\n<td>As rea\u00e7\u00f5es escuras ocorrem no estroma do cloroplasto.<\/td>\n<\/tr>\n<\/tbody>\n<\/table>\n<\/section>\n<h2>O que s\u00e3o rea\u00e7\u00f5es \u00e0 luz?<\/h2>\n<p>As rea\u00e7\u00f5es de luz s\u00e3o a fase inicial do processo de fotoss\u00edntese, esses tipos de rea\u00e7\u00f5es requerem luz para acontecer. Como as rea\u00e7\u00f5es de luz ocorrem no est\u00e1gio inicial, elas produzem os produtos complementares que s\u00e3o usados \u200b\u200bna pr\u00f3xima fase, que \u00e9 uma fase independente da luz (rea\u00e7\u00f5es escuras). As rea\u00e7\u00f5es de luz ocorrem nos grana do cloroplasto na presen\u00e7a de luz; pode ser luz solar ou luz artificial. Diz-se que a luz solar \u00e9 uma grande fonte de energia, de modo que tais rea\u00e7\u00f5es ocorrem melhor sob a luz solar. Duas fun\u00e7\u00f5es principais ou necess\u00e1rias que s\u00e3o realizadas nesta fase s\u00e3o a fot\u00f3lise da \u00e1gua e a forma\u00e7\u00e3o de mol\u00e9culas de energia como NADPH2 e ATP. No processo de fot\u00f3lise da \u00e1gua, a mol\u00e9cula de \u00e1gua oxida (perde el\u00e9trons) e se divide em dois \u00e1tomos de hidrog\u00eanio ou pr\u00f3tons e um \u00e1tomo de oxig\u00eanio. Ap\u00f3s essa decomposi\u00e7\u00e3o da \u00e1gua, sob luz, ocorre a forma\u00e7\u00e3o de mol\u00e9culas de energia como NADPH2 e ATP. Os produtos obtidos a partir desta fase s\u00e3o utilizados inclusive em rea\u00e7\u00f5es independentes da luz, embora a forma\u00e7\u00e3o subsequente n\u00e3o necessite de energia luminosa.<\/p>\n<h2>Quais s\u00e3o as rea\u00e7\u00f5es escuras na fotoss\u00edntese?<\/h2>\n<p>Dark Reactions \u00e9 a segunda fase do processo de fotoss\u00edntese que segue a rea\u00e7\u00e3o \u00e0 luz. Como o pr\u00f3prio nome sugere, n\u00e3o requer energia luminosa para produzir. As rea\u00e7\u00f5es escuras ocorrem no estroma do cloroplasto; Consiste principalmente em dois tipos de rea\u00e7\u00f5es c\u00edclicas: Ciclo de Calvin ou Ciclo C3 e Hatch-Slack ou Ciclo C4. A principal fun\u00e7\u00e3o que ocorre nesta fase \u00e9 a redu\u00e7\u00e3o do di\u00f3xido de carbono para formar carboidratos. As mol\u00e9culas de a\u00e7\u00facar s\u00e3o sintetizadas usando mol\u00e9culas de di\u00f3xido de carbono. O di\u00f3xido de carbono se liga aos carboidratos usando mol\u00e9culas de energia, como NADPH2 e ATP. Este processo completo \u00e9 chamado de processo de fixa\u00e7\u00e3o de carbono. Nesta fase, os produtos da fase de rea\u00e7\u00e3o leve s\u00e3o retirados e a redu\u00e7\u00e3o do di\u00f3xido de carbono ocorre sem a presen\u00e7a de luz.<\/p>\n<h2>Rea\u00e7\u00f5es de luz versus escurid\u00e3o na fotoss\u00edntese<\/h2>\n<ul>\n<li>Como o pr\u00f3prio nome sugere, a rea\u00e7\u00e3o de luz \u00e9 a fase inicial do processo de fotoss\u00edntese e requer luz, enquanto a rea\u00e7\u00e3o de escuro \u00e9 a fase posterior do processo de fotoss\u00edntese e n\u00e3o requer energia luminosa.<\/li>\n<li>Na rea\u00e7\u00e3o \u00e0 luz ocorre a fot\u00f3lise da \u00e1gua e s\u00e3o formadas mol\u00e9culas de energia como NADPH2 e ATP, enquanto na rea\u00e7\u00e3o escura ocorre a redu\u00e7\u00e3o do carbono usando os produtos energ\u00e9ticos das rea\u00e7\u00f5es da luz NADPH2 e ATP.<\/li>\n<li>As rea\u00e7\u00f5es de luz podem ocorrer durante o dia, pois requerem luz, por outro lado, as rea\u00e7\u00f5es de escurid\u00e3o podem ocorrer 24 horas por dia.<\/li>\n<li>As rea\u00e7\u00f5es claras ocorrem no grana do cloroplasto enquanto as rea\u00e7\u00f5es escuras ocorrem no estroma do cloroplasto.<\/li>\n<\/ul>\n<div style=\"text-align:center;margin:0px 0px 15px 0px;\"><\/div>\n<h2>V\u00eddeo Comparativo<\/h2>\n<p class=\"ayg-error\">Error 403 The request cannot be completed because you have exceeded your <a href=\"\/youtube\/v3\/getting-started#quota\">quota<\/a>. : quotaExceeded<\/p>\n<\/div>\n","protected":false},"excerpt":{"rendered":"<p>Principal diferen\u00e7a A fotoss\u00edntese \u00e9 o processo de produ\u00e7\u00e3o de alimentos realizado por organismos que possuem c\u00e9lulas de clorofila. Principalmente, esse processo de fabrica\u00e7\u00e3o de alimentos est\u00e1 associado a plantas que possuem c\u00e9lulas de clorofila abundantes. O processo de fotoss\u00edntese \u00e9 uma esp\u00e9cie de processo reverso de respira\u00e7\u00e3o que ocorre em cada organismo. Sempre se &#8230; <a title=\"Diferen\u00e7a entre rea\u00e7\u00f5es de luz e rea\u00e7\u00f5es de escurid\u00e3o na fotoss\u00edntese\" class=\"read-more\" href=\"https:\/\/diferenciario.com\/br\/reaes-de-luz-e-reaes-de-escurido-na-fotossntese\/\" aria-label=\"M\u00e1s en Diferen\u00e7a entre rea\u00e7\u00f5es de luz e rea\u00e7\u00f5es de escurid\u00e3o na fotoss\u00edntese\">Leia mais<\/a><\/p>\n","protected":false},"author":1,"featured_media":0,"comment_status":"closed","ping_status":"closed","sticky":false,"template":"","format":"standard","meta":{"footnotes":""},"categories":[31],"tags":[5089,5088],"class_list":["post-4465","post","type-post","status-publish","format-standard","hentry","category-biologia","tag-reacoes-de-escuro-na-fotossintese","tag-reacoes-de-luz","no-featured-image-padding"],"yoast_head":"<!-- This site is optimized with the Yoast SEO plugin v19.13 - https:\/\/yoast.com\/wordpress\/plugins\/seo\/ -->\n<title>Diferen\u00e7a entre rea\u00e7\u00f5es de luz e rea\u00e7\u00f5es de escurid\u00e3o na fotoss\u00edntese<\/title>\n<meta name=\"description\" content=\"lll\u27a4 Principal diferen\u00e7a A fotoss\u00edntese \u00e9 o processo de produ\u00e7\u00e3o de alimentos realizado por organismos que possuem c\u00e9lulas de clorofila. Principalmente, esse\" \/>\n<meta name=\"robots\" content=\"index, follow, max-snippet:-1, max-image-preview:large, max-video-preview:-1\" \/>\n<link rel=\"canonical\" href=\"https:\/\/diferenciario.com\/br\/reaes-de-luz-e-reaes-de-escurido-na-fotossntese\/\" \/>\n<meta property=\"og:locale\" content=\"es_ES\" \/>\n<meta property=\"og:type\" content=\"article\" \/>\n<meta property=\"og:title\" content=\"Diferen\u00e7a entre rea\u00e7\u00f5es de luz e rea\u00e7\u00f5es de escurid\u00e3o na fotoss\u00edntese\" \/>\n<meta property=\"og:description\" content=\"lll\u27a4 Principal diferen\u00e7a A fotoss\u00edntese \u00e9 o processo de produ\u00e7\u00e3o de alimentos realizado por organismos que possuem c\u00e9lulas de clorofila. Principalmente, esse\" \/>\n<meta property=\"og:url\" content=\"https:\/\/diferenciario.com\/br\/reaes-de-luz-e-reaes-de-escurido-na-fotossntese\/\" \/>\n<meta property=\"og:site_name\" content=\"Diferenciario br\" \/>\n<meta property=\"article:published_time\" content=\"2021-12-14T10:42:39+00:00\" \/>\n<meta property=\"og:image\" content=\"https:\/\/diferenciario.com\/br\/wp-content\/uploads\/reaes-de-luz-e-reaes-de-escurido-na-fotossntese.webp\" \/>\n<meta name=\"author\" content=\"javiervazquez_5mia2u1h\" \/>\n<meta name=\"twitter:card\" content=\"summary_large_image\" \/>\n<script type=\"application\/ld+json\" class=\"yoast-schema-graph\">{\"@context\":\"https:\/\/schema.org\",\"@graph\":[{\"@type\":\"Article\",\"@id\":\"https:\/\/diferenciario.com\/br\/reaes-de-luz-e-reaes-de-escurido-na-fotossntese\/#article\",\"isPartOf\":{\"@id\":\"https:\/\/diferenciario.com\/br\/reaes-de-luz-e-reaes-de-escurido-na-fotossntese\/\"},\"author\":{\"name\":\"javiervazquez_5mia2u1h\",\"@id\":\"https:\/\/diferenciario.com\/br\/#\/schema\/person\/56d044ad3bc3481dd45252b40b46ac75\"},\"headline\":\"Diferen\u00e7a entre rea\u00e7\u00f5es de luz e rea\u00e7\u00f5es de escurid\u00e3o na fotoss\u00edntese\",\"datePublished\":\"2021-12-14T10:42:39+00:00\",\"dateModified\":\"2021-12-14T10:42:39+00:00\",\"mainEntityOfPage\":{\"@id\":\"https:\/\/diferenciario.com\/br\/reaes-de-luz-e-reaes-de-escurido-na-fotossntese\/\"},\"wordCount\":873,\"publisher\":{\"@id\":\"https:\/\/diferenciario.com\/br\/#organization\"},\"keywords\":[\"Rea\u00e7\u00f5es de escuro na fotoss\u00edntese\",\"Rea\u00e7\u00f5es de luz\"],\"articleSection\":[\"Biologia\"],\"inLanguage\":\"es\"},{\"@type\":\"WebPage\",\"@id\":\"https:\/\/diferenciario.com\/br\/reaes-de-luz-e-reaes-de-escurido-na-fotossntese\/\",\"url\":\"https:\/\/diferenciario.com\/br\/reaes-de-luz-e-reaes-de-escurido-na-fotossntese\/\",\"name\":\"Diferen\u00e7a entre rea\u00e7\u00f5es de luz e rea\u00e7\u00f5es de escurid\u00e3o na fotoss\u00edntese\",\"isPartOf\":{\"@id\":\"https:\/\/diferenciario.com\/br\/#website\"},\"datePublished\":\"2021-12-14T10:42:39+00:00\",\"dateModified\":\"2021-12-14T10:42:39+00:00\",\"description\":\"lll\u27a4 Principal diferen\u00e7a A fotoss\u00edntese \u00e9 o processo de produ\u00e7\u00e3o de alimentos realizado por organismos que possuem c\u00e9lulas de clorofila. Principalmente, esse\",\"breadcrumb\":{\"@id\":\"https:\/\/diferenciario.com\/br\/reaes-de-luz-e-reaes-de-escurido-na-fotossntese\/#breadcrumb\"},\"inLanguage\":\"es\",\"potentialAction\":[{\"@type\":\"ReadAction\",\"target\":[\"https:\/\/diferenciario.com\/br\/reaes-de-luz-e-reaes-de-escurido-na-fotossntese\/\"]}]},{\"@type\":\"BreadcrumbList\",\"@id\":\"https:\/\/diferenciario.com\/br\/reaes-de-luz-e-reaes-de-escurido-na-fotossntese\/#breadcrumb\",\"itemListElement\":[{\"@type\":\"ListItem\",\"position\":1,\"name\":\"Home\",\"item\":\"https:\/\/diferenciario.com\/br\/\"},{\"@type\":\"ListItem\",\"position\":2,\"name\":\"Diferen\u00e7a entre rea\u00e7\u00f5es de luz e rea\u00e7\u00f5es de escurid\u00e3o na fotoss\u00edntese\"}]},{\"@type\":\"WebSite\",\"@id\":\"https:\/\/diferenciario.com\/br\/#website\",\"url\":\"https:\/\/diferenciario.com\/br\/\",\"name\":\"Diferenciario br\",\"description\":\"\",\"publisher\":{\"@id\":\"https:\/\/diferenciario.com\/br\/#organization\"},\"potentialAction\":[{\"@type\":\"SearchAction\",\"target\":{\"@type\":\"EntryPoint\",\"urlTemplate\":\"https:\/\/diferenciario.com\/br\/?s={search_term_string}\"},\"query-input\":\"required name=search_term_string\"}],\"inLanguage\":\"es\"},{\"@type\":\"Organization\",\"@id\":\"https:\/\/diferenciario.com\/br\/#organization\",\"name\":\"Diferenciario br\",\"url\":\"https:\/\/diferenciario.com\/br\/\",\"logo\":{\"@type\":\"ImageObject\",\"inLanguage\":\"es\",\"@id\":\"https:\/\/diferenciario.com\/br\/#\/schema\/logo\/image\/\",\"url\":\"https:\/\/diferenciario.com\/br\/wp-content\/uploads\/logo-diferenciario-brazil.webp\",\"contentUrl\":\"https:\/\/diferenciario.com\/br\/wp-content\/uploads\/logo-diferenciario-brazil.webp\",\"width\":225,\"height\":33,\"caption\":\"Diferenciario br\"},\"image\":{\"@id\":\"https:\/\/diferenciario.com\/br\/#\/schema\/logo\/image\/\"}},{\"@type\":\"Person\",\"@id\":\"https:\/\/diferenciario.com\/br\/#\/schema\/person\/56d044ad3bc3481dd45252b40b46ac75\",\"name\":\"javiervazquez_5mia2u1h\",\"image\":{\"@type\":\"ImageObject\",\"inLanguage\":\"es\",\"@id\":\"https:\/\/diferenciario.com\/br\/#\/schema\/person\/image\/\",\"url\":\"https:\/\/secure.gravatar.com\/avatar\/8826c6e0d313911ff94b887c5c66bafcf74cfe0a1f0c1fcd76cc1a5400186f2e?s=96&d=mm&r=g\",\"contentUrl\":\"https:\/\/secure.gravatar.com\/avatar\/8826c6e0d313911ff94b887c5c66bafcf74cfe0a1f0c1fcd76cc1a5400186f2e?s=96&d=mm&r=g\",\"caption\":\"javiervazquez_5mia2u1h\"},\"sameAs\":[\"https:\/\/diferenciario.com\/br\"]}]}<\/script>\n<!-- \/ Yoast SEO plugin. -->","yoast_head_json":{"title":"Diferen\u00e7a entre rea\u00e7\u00f5es de luz e rea\u00e7\u00f5es de escurid\u00e3o na fotoss\u00edntese","description":"lll\u27a4 Principal diferen\u00e7a A fotoss\u00edntese \u00e9 o processo de produ\u00e7\u00e3o de alimentos realizado por organismos que possuem c\u00e9lulas de clorofila. Principalmente, esse","robots":{"index":"index","follow":"follow","max-snippet":"max-snippet:-1","max-image-preview":"max-image-preview:large","max-video-preview":"max-video-preview:-1"},"canonical":"https:\/\/diferenciario.com\/br\/reaes-de-luz-e-reaes-de-escurido-na-fotossntese\/","og_locale":"es_ES","og_type":"article","og_title":"Diferen\u00e7a entre rea\u00e7\u00f5es de luz e rea\u00e7\u00f5es de escurid\u00e3o na fotoss\u00edntese","og_description":"lll\u27a4 Principal diferen\u00e7a A fotoss\u00edntese \u00e9 o processo de produ\u00e7\u00e3o de alimentos realizado por organismos que possuem c\u00e9lulas de clorofila. Principalmente, esse","og_url":"https:\/\/diferenciario.com\/br\/reaes-de-luz-e-reaes-de-escurido-na-fotossntese\/","og_site_name":"Diferenciario br","article_published_time":"2021-12-14T10:42:39+00:00","og_image":[{"url":"https:\/\/diferenciario.com\/br\/wp-content\/uploads\/reaes-de-luz-e-reaes-de-escurido-na-fotossntese.webp"}],"author":"javiervazquez_5mia2u1h","twitter_card":"summary_large_image","schema":{"@context":"https:\/\/schema.org","@graph":[{"@type":"Article","@id":"https:\/\/diferenciario.com\/br\/reaes-de-luz-e-reaes-de-escurido-na-fotossntese\/#article","isPartOf":{"@id":"https:\/\/diferenciario.com\/br\/reaes-de-luz-e-reaes-de-escurido-na-fotossntese\/"},"author":{"name":"javiervazquez_5mia2u1h","@id":"https:\/\/diferenciario.com\/br\/#\/schema\/person\/56d044ad3bc3481dd45252b40b46ac75"},"headline":"Diferen\u00e7a entre rea\u00e7\u00f5es de luz e rea\u00e7\u00f5es de escurid\u00e3o na fotoss\u00edntese","datePublished":"2021-12-14T10:42:39+00:00","dateModified":"2021-12-14T10:42:39+00:00","mainEntityOfPage":{"@id":"https:\/\/diferenciario.com\/br\/reaes-de-luz-e-reaes-de-escurido-na-fotossntese\/"},"wordCount":873,"publisher":{"@id":"https:\/\/diferenciario.com\/br\/#organization"},"keywords":["Rea\u00e7\u00f5es de escuro na fotoss\u00edntese","Rea\u00e7\u00f5es de luz"],"articleSection":["Biologia"],"inLanguage":"es"},{"@type":"WebPage","@id":"https:\/\/diferenciario.com\/br\/reaes-de-luz-e-reaes-de-escurido-na-fotossntese\/","url":"https:\/\/diferenciario.com\/br\/reaes-de-luz-e-reaes-de-escurido-na-fotossntese\/","name":"Diferen\u00e7a entre rea\u00e7\u00f5es de luz e rea\u00e7\u00f5es de escurid\u00e3o na fotoss\u00edntese","isPartOf":{"@id":"https:\/\/diferenciario.com\/br\/#website"},"datePublished":"2021-12-14T10:42:39+00:00","dateModified":"2021-12-14T10:42:39+00:00","description":"lll\u27a4 Principal diferen\u00e7a A fotoss\u00edntese \u00e9 o processo de produ\u00e7\u00e3o de alimentos realizado por organismos que possuem c\u00e9lulas de clorofila. Principalmente, esse","breadcrumb":{"@id":"https:\/\/diferenciario.com\/br\/reaes-de-luz-e-reaes-de-escurido-na-fotossntese\/#breadcrumb"},"inLanguage":"es","potentialAction":[{"@type":"ReadAction","target":["https:\/\/diferenciario.com\/br\/reaes-de-luz-e-reaes-de-escurido-na-fotossntese\/"]}]},{"@type":"BreadcrumbList","@id":"https:\/\/diferenciario.com\/br\/reaes-de-luz-e-reaes-de-escurido-na-fotossntese\/#breadcrumb","itemListElement":[{"@type":"ListItem","position":1,"name":"Home","item":"https:\/\/diferenciario.com\/br\/"},{"@type":"ListItem","position":2,"name":"Diferen\u00e7a entre rea\u00e7\u00f5es de luz e rea\u00e7\u00f5es de escurid\u00e3o na fotoss\u00edntese"}]},{"@type":"WebSite","@id":"https:\/\/diferenciario.com\/br\/#website","url":"https:\/\/diferenciario.com\/br\/","name":"Diferenciario br","description":"","publisher":{"@id":"https:\/\/diferenciario.com\/br\/#organization"},"potentialAction":[{"@type":"SearchAction","target":{"@type":"EntryPoint","urlTemplate":"https:\/\/diferenciario.com\/br\/?s={search_term_string}"},"query-input":"required name=search_term_string"}],"inLanguage":"es"},{"@type":"Organization","@id":"https:\/\/diferenciario.com\/br\/#organization","name":"Diferenciario br","url":"https:\/\/diferenciario.com\/br\/","logo":{"@type":"ImageObject","inLanguage":"es","@id":"https:\/\/diferenciario.com\/br\/#\/schema\/logo\/image\/","url":"https:\/\/diferenciario.com\/br\/wp-content\/uploads\/logo-diferenciario-brazil.webp","contentUrl":"https:\/\/diferenciario.com\/br\/wp-content\/uploads\/logo-diferenciario-brazil.webp","width":225,"height":33,"caption":"Diferenciario br"},"image":{"@id":"https:\/\/diferenciario.com\/br\/#\/schema\/logo\/image\/"}},{"@type":"Person","@id":"https:\/\/diferenciario.com\/br\/#\/schema\/person\/56d044ad3bc3481dd45252b40b46ac75","name":"javiervazquez_5mia2u1h","image":{"@type":"ImageObject","inLanguage":"es","@id":"https:\/\/diferenciario.com\/br\/#\/schema\/person\/image\/","url":"https:\/\/secure.gravatar.com\/avatar\/8826c6e0d313911ff94b887c5c66bafcf74cfe0a1f0c1fcd76cc1a5400186f2e?s=96&d=mm&r=g","contentUrl":"https:\/\/secure.gravatar.com\/avatar\/8826c6e0d313911ff94b887c5c66bafcf74cfe0a1f0c1fcd76cc1a5400186f2e?s=96&d=mm&r=g","caption":"javiervazquez_5mia2u1h"},"sameAs":["https:\/\/diferenciario.com\/br"]}]}},"_links":{"self":[{"href":"https:\/\/diferenciario.com\/br\/wp-json\/wp\/v2\/posts\/4465","targetHints":{"allow":["GET"]}}],"collection":[{"href":"https:\/\/diferenciario.com\/br\/wp-json\/wp\/v2\/posts"}],"about":[{"href":"https:\/\/diferenciario.com\/br\/wp-json\/wp\/v2\/types\/post"}],"author":[{"embeddable":true,"href":"https:\/\/diferenciario.com\/br\/wp-json\/wp\/v2\/users\/1"}],"replies":[{"embeddable":true,"href":"https:\/\/diferenciario.com\/br\/wp-json\/wp\/v2\/comments?post=4465"}],"version-history":[{"count":0,"href":"https:\/\/diferenciario.com\/br\/wp-json\/wp\/v2\/posts\/4465\/revisions"}],"wp:attachment":[{"href":"https:\/\/diferenciario.com\/br\/wp-json\/wp\/v2\/media?parent=4465"}],"wp:term":[{"taxonomy":"category","embeddable":true,"href":"https:\/\/diferenciario.com\/br\/wp-json\/wp\/v2\/categories?post=4465"},{"taxonomy":"post_tag","embeddable":true,"href":"https:\/\/diferenciario.com\/br\/wp-json\/wp\/v2\/tags?post=4465"}],"curies":[{"name":"wp","href":"https:\/\/api.w.org\/{rel}","templated":true}]}}