{"id":4649,"date":"2022-01-29T00:56:30","date_gmt":"2022-01-29T00:56:30","guid":{"rendered":"https:\/\/diferenciario.com\/br\/subjetivo-e-objetivo\/"},"modified":"2022-01-29T00:56:30","modified_gmt":"2022-01-29T00:56:30","slug":"subjetivo-e-objetivo","status":"publish","type":"post","link":"https:\/\/diferenciario.com\/br\/subjetivo-e-objetivo\/","title":{"rendered":"Diferen\u00e7a entre subjetivo e objetivo"},"content":{"rendered":"<p><img loading=\"lazy\" decoding=\"async\" class=\"aligncenter size-full wp-image-2581\" src=\"https:\/\/diferenciario.com\/br\/wp-content\/uploads\/subjetivo-e-objetivo.webp\" alt=\"Diferen\u00e7a entre subjetivo e objetivo\" width=\"650\" height=\"450\" \/><\/p>\n<div>\n<h2>Principal diferen\u00e7a<\/h2>\n<p>A perspectiva subjetiva ou informa\u00e7\u00e3o ou escrita \u00e9 a explica\u00e7\u00e3o detalhada de algo que cont\u00e9m mais do que fatos, por isso inclui suposi\u00e7\u00f5es, pensamentos pessoais, sentimentos, emo\u00e7\u00f5es, opini\u00f5es, etc. Por outro lado, o objetivo \u00e9 uma perspectiva diferente ou informa\u00e7\u00e3o ou escrita que seja totalmente factual e direta e precisa por natureza, mantendo o tema principal e a ess\u00eancia de um determinado tema ou assunto. O objetivo \u00e9 mensur\u00e1vel e observ\u00e1vel, enquanto o subjetivo n\u00e3o pode ser medido.<\/p>\n<h2>Quadro comparativo<\/h2>\n<section style=\"width:100%;overflow-x:auto;overflow-y:hidden;\">\n<table>\n<tbody>\n<tr>\n<td><\/td>\n<td><strong>Alvo<\/strong><\/td>\n<td><strong>Subjetivo<\/strong><\/td>\n<\/tr>\n<tr>\n<td><strong>Defini\u00e7\u00e3o<\/strong><\/td>\n<td>O objetivo \u00e9 a percep\u00e7\u00e3o baseada em fatos l\u00f3gicos e conclus\u00f5es derivadas ap\u00f3s experimentos.<\/td>\n<td>Subjetivo \u00e9 a perspectiva ou informa\u00e7\u00e3o que tem opini\u00f5es, sentimentos e ideias pessoais.<\/td>\n<\/tr>\n<tr>\n<td>Baseado em<\/td>\n<td>Fatos mensur\u00e1veis, conclus\u00f5es, resultados experimentais, etc.<\/td>\n<td>Suposi\u00e7\u00f5es, ideias, cren\u00e7as, sentimentos, opini\u00f5es pessoais, emo\u00e7\u00f5es, etc.<\/td>\n<\/tr>\n<tr>\n<td>exemplos comuns<\/td>\n<td>Livros did\u00e1ticos, artigos de pesquisa, enciclop\u00e9dia, not\u00edcias, etc.<\/td>\n<td>Romances, autobiografias, blogs, hist\u00f3rias, coment\u00e1rios, resenhas, etc.<\/td>\n<\/tr>\n<tr>\n<td>apropriado para<\/td>\n<td>Reporem de not\u00edcias, aprendizado, educa\u00e7\u00e3o, conhecimento geral, tomada de decis\u00e3o, etc.<\/td>\n<td>Explora\u00e7\u00e3o, armazenamento, cria\u00e7\u00e3o de imagens, aprimoramento, exposi\u00e7\u00e3o, criatividade, etc.<\/td>\n<\/tr>\n<\/tbody>\n<\/table>\n<\/section>\n<h2>O que \u00e9 subjetivo?<\/h2>\n<p>Subjetivo \u00e9 perceptivo, qualquer informa\u00e7\u00e3o ou escrita baseada em opini\u00f5es pessoais, ideias, suposi\u00e7\u00f5es, imagina\u00e7\u00e3o, sentimentos, emo\u00e7\u00f5es, etc. Qualquer coisa ou informa\u00e7\u00e3o \u00e9 considerada subjetiva, desde que seja explicada em detalhes, juntamente com exemplos detalhados, vis\u00e3o geral, revis\u00e3o, opini\u00e3o pessoal, opini\u00e3o p\u00fablica, antecedentes hist\u00f3ricos, etc. Pessoas de car\u00e1ter art\u00edstico tendem a atrair mais para a parte subjetiva e elas pr\u00f3prias prop\u00f5em informa\u00e7\u00f5es ou escritos de natureza subjetiva. Subjetivo \u00e9 a informa\u00e7\u00e3o detalhada e o veredicto sobre qualquer coisa ou t\u00f3pico em particular, juntamente com a opini\u00e3o pessoal, coisas imagin\u00e1rias, criatividade, etc. O trabalho que voc\u00ea v\u00ea ao nosso redor todos os dias na forma de resenhas, coment\u00e1rios em m\u00eddias sociais ou f\u00f3runs p\u00fablicos, contos de base moral,<\/p>\n<h2>Qual \u00e9 o objetivo?<\/h2>\n<p>O objetivo \u00e9 totalmente oposto ao subjetivo em todos os termos e natureza. Uma perspectiva, escrita ou informa\u00e7\u00e3o objetiva \u00e9 aquela que cont\u00e9m fatos e informa\u00e7\u00f5es aut\u00eanticos. Esses fatos passam por v\u00e1rios est\u00e1gios experimentais e s\u00e3o comprovados repetidamente, ent\u00e3o como um todo s\u00e3o amplamente aceitos como corretos. Uma pe\u00e7a de trabalho ou informa\u00e7\u00e3o objetiva \u00e9 extra\u00edda ap\u00f3s uma s\u00e9rie de experimentos, podemos dizer que as conclus\u00f5es tiradas dos experimentos e outras s\u00e3o de natureza objetiva. A informa\u00e7\u00e3o objetiva \u00e9 um tipo de informa\u00e7\u00e3o que todos devem aceitar e concordar. Por exemplo, os livros did\u00e1ticos para fins educacionais s\u00e3o de natureza objetiva e todo aluno que os l\u00ea e os aprende tamb\u00e9m concorda com as informa\u00e7\u00f5es neles contidas. Similarmente, as informa\u00e7\u00f5es que acessamos de enciclop\u00e9dias e v\u00e1rias outras fontes aut\u00eanticas, todas essas coisas se enquadram na categoria de objetivo devido \u00e0 sua natureza precisa, foco relevante e conhecimento baseado em fatos. Jornais e reporens possuem a informa\u00e7\u00e3o que vem de uma fonte aut\u00eantica e \u00e9 fato por natureza, o que tamb\u00e9m \u00e9 um exemplo de perspectiva e informa\u00e7\u00e3o objetiva. A perspectiva objetiva ou informa\u00e7\u00e3o est\u00e1 envolvida principalmente na tomada de decis\u00f5es e permite que as pessoas fa\u00e7am bons julgamentos e decidam com base em informa\u00e7\u00f5es precisas e fatos precisos. Jornais e reporens possuem a informa\u00e7\u00e3o que vem de uma fonte aut\u00eantica e \u00e9 fato por natureza, o que tamb\u00e9m \u00e9 um exemplo de perspectiva e informa\u00e7\u00e3o objetiva. A perspectiva objetiva ou informa\u00e7\u00e3o est\u00e1 envolvida principalmente na tomada de decis\u00f5es e permite que as pessoas fa\u00e7am bons julgamentos e decidam com base em informa\u00e7\u00f5es precisas e fatos precisos. Jornais e reporens possuem a informa\u00e7\u00e3o que vem de uma fonte aut\u00eantica e \u00e9 fato por natureza, o que tamb\u00e9m \u00e9 um exemplo de perspectiva e informa\u00e7\u00e3o objetiva. A perspectiva objetiva ou informa\u00e7\u00e3o est\u00e1 envolvida principalmente na tomada de decis\u00f5es e permite que as pessoas fa\u00e7am bons julgamentos e decidam com base em informa\u00e7\u00f5es precisas e fatos precisos.<\/p>\n<h2>subjetivo versus objetivo<\/h2>\n<ul>\n<li>Subjetivo \u00e9 a informa\u00e7\u00e3o ou percep\u00e7\u00e3o escrita que cont\u00e9m ideias, opini\u00f5es pessoais, imagina\u00e7\u00e3o, criatividade, detalhes, an\u00e1lise, profundidade e v\u00e1rias outras coisas misturadas.<\/li>\n<li>O objetivo \u00e9 uma informa\u00e7\u00e3o escrita ou insight que seja factual, exato, preciso, breve e direto ao ponto.<\/li>\n<li>A informa\u00e7\u00e3o subjetiva \u00e9 baseada na maioria das vezes em ideias e suposi\u00e7\u00f5es pessoais.<\/li>\n<li>A abordagem objetiva demonstra os fatos e as conclus\u00f5es.<\/li>\n<li>As informa\u00e7\u00f5es subjetivas podem concordar ou discordar, pois s\u00e3o suas pr\u00f3prias opini\u00f5es.<\/li>\n<li>Informa\u00e7\u00f5es objetivas comprovam a conclus\u00e3o aceita em todos os lugares.<\/li>\n<li>A informa\u00e7\u00e3o objetiva \u00e9 usada para a tomada de decis\u00e3o.<\/li>\n<li>A informa\u00e7\u00e3o subjetiva \u00e9 usada para explorar e ampliar o escopo da mente.<\/li>\n<\/ul>\n<div style=\"text-align:center;margin:0px 0px 15px 0px;\"><\/div>\n<h2>V\u00eddeo Comparativo<\/h2>\n<p class=\"ayg-error\">Error 403 The request cannot be completed because you have exceeded your <a href=\"\/youtube\/v3\/getting-started#quota\">quota<\/a>. : quotaExceeded<\/p>\n<\/div>\n","protected":false},"excerpt":{"rendered":"<p>Principal diferen\u00e7a A perspectiva subjetiva ou informa\u00e7\u00e3o ou escrita \u00e9 a explica\u00e7\u00e3o detalhada de algo que cont\u00e9m mais do que fatos, por isso inclui suposi\u00e7\u00f5es, pensamentos pessoais, sentimentos, emo\u00e7\u00f5es, opini\u00f5es, etc. Por outro lado, o objetivo \u00e9 uma perspectiva diferente ou informa\u00e7\u00e3o ou escrita que seja totalmente factual e direta e precisa por natureza, mantendo &#8230; <a title=\"Diferen\u00e7a entre subjetivo e objetivo\" class=\"read-more\" href=\"https:\/\/diferenciario.com\/br\/subjetivo-e-objetivo\/\" aria-label=\"M\u00e1s en Diferen\u00e7a entre subjetivo e objetivo\">Leia mais<\/a><\/p>\n","protected":false},"author":1,"featured_media":0,"comment_status":"closed","ping_status":"closed","sticky":false,"template":"","format":"standard","meta":{"footnotes":""},"categories":[45],"tags":[2999,3778],"class_list":["post-4649","post","type-post","status-publish","format-standard","hentry","category-palavras","tag-objetivo","tag-subjetivo","no-featured-image-padding"],"yoast_head":"<!-- This site is optimized with the Yoast SEO plugin v19.13 - https:\/\/yoast.com\/wordpress\/plugins\/seo\/ -->\n<title>Diferen\u00e7a entre subjetivo e objetivo<\/title>\n<meta name=\"description\" content=\"lll\u27a4 Principal diferen\u00e7a A perspectiva subjetiva ou informa\u00e7\u00e3o ou escrita \u00e9 a explica\u00e7\u00e3o detalhada de algo que cont\u00e9m mais do que fatos, por isso inclui\" \/>\n<meta name=\"robots\" content=\"index, follow, max-snippet:-1, max-image-preview:large, max-video-preview:-1\" \/>\n<link rel=\"canonical\" href=\"https:\/\/diferenciario.com\/br\/subjetivo-e-objetivo\/\" \/>\n<meta property=\"og:locale\" content=\"es_ES\" \/>\n<meta property=\"og:type\" content=\"article\" \/>\n<meta property=\"og:title\" content=\"Diferen\u00e7a entre subjetivo e objetivo\" \/>\n<meta property=\"og:description\" content=\"lll\u27a4 Principal diferen\u00e7a A perspectiva subjetiva ou informa\u00e7\u00e3o ou escrita \u00e9 a explica\u00e7\u00e3o detalhada de algo que cont\u00e9m mais do que fatos, por isso inclui\" \/>\n<meta property=\"og:url\" content=\"https:\/\/diferenciario.com\/br\/subjetivo-e-objetivo\/\" \/>\n<meta property=\"og:site_name\" content=\"Diferenciario br\" \/>\n<meta property=\"article:published_time\" content=\"2022-01-29T00:56:30+00:00\" \/>\n<meta property=\"og:image\" content=\"https:\/\/diferenciario.com\/br\/wp-content\/uploads\/subjetivo-e-objetivo.webp\" \/>\n<meta name=\"author\" content=\"javiervazquez_5mia2u1h\" \/>\n<meta name=\"twitter:card\" content=\"summary_large_image\" \/>\n<script type=\"application\/ld+json\" class=\"yoast-schema-graph\">{\"@context\":\"https:\/\/schema.org\",\"@graph\":[{\"@type\":\"Article\",\"@id\":\"https:\/\/diferenciario.com\/br\/subjetivo-e-objetivo\/#article\",\"isPartOf\":{\"@id\":\"https:\/\/diferenciario.com\/br\/subjetivo-e-objetivo\/\"},\"author\":{\"name\":\"javiervazquez_5mia2u1h\",\"@id\":\"https:\/\/diferenciario.com\/br\/#\/schema\/person\/56d044ad3bc3481dd45252b40b46ac75\"},\"headline\":\"Diferen\u00e7a entre subjetivo e objetivo\",\"datePublished\":\"2022-01-29T00:56:30+00:00\",\"dateModified\":\"2022-01-29T00:56:30+00:00\",\"mainEntityOfPage\":{\"@id\":\"https:\/\/diferenciario.com\/br\/subjetivo-e-objetivo\/\"},\"wordCount\":861,\"publisher\":{\"@id\":\"https:\/\/diferenciario.com\/br\/#organization\"},\"keywords\":[\"Objetivo\",\"Subjetivo\"],\"articleSection\":[\"Palavras\"],\"inLanguage\":\"es\"},{\"@type\":\"WebPage\",\"@id\":\"https:\/\/diferenciario.com\/br\/subjetivo-e-objetivo\/\",\"url\":\"https:\/\/diferenciario.com\/br\/subjetivo-e-objetivo\/\",\"name\":\"Diferen\u00e7a entre subjetivo e objetivo\",\"isPartOf\":{\"@id\":\"https:\/\/diferenciario.com\/br\/#website\"},\"datePublished\":\"2022-01-29T00:56:30+00:00\",\"dateModified\":\"2022-01-29T00:56:30+00:00\",\"description\":\"lll\u27a4 Principal diferen\u00e7a A perspectiva subjetiva ou informa\u00e7\u00e3o ou escrita \u00e9 a explica\u00e7\u00e3o detalhada de algo que cont\u00e9m mais do que fatos, por isso inclui\",\"breadcrumb\":{\"@id\":\"https:\/\/diferenciario.com\/br\/subjetivo-e-objetivo\/#breadcrumb\"},\"inLanguage\":\"es\",\"potentialAction\":[{\"@type\":\"ReadAction\",\"target\":[\"https:\/\/diferenciario.com\/br\/subjetivo-e-objetivo\/\"]}]},{\"@type\":\"BreadcrumbList\",\"@id\":\"https:\/\/diferenciario.com\/br\/subjetivo-e-objetivo\/#breadcrumb\",\"itemListElement\":[{\"@type\":\"ListItem\",\"position\":1,\"name\":\"Home\",\"item\":\"https:\/\/diferenciario.com\/br\/\"},{\"@type\":\"ListItem\",\"position\":2,\"name\":\"Diferen\u00e7a entre subjetivo e objetivo\"}]},{\"@type\":\"WebSite\",\"@id\":\"https:\/\/diferenciario.com\/br\/#website\",\"url\":\"https:\/\/diferenciario.com\/br\/\",\"name\":\"Diferenciario br\",\"description\":\"\",\"publisher\":{\"@id\":\"https:\/\/diferenciario.com\/br\/#organization\"},\"potentialAction\":[{\"@type\":\"SearchAction\",\"target\":{\"@type\":\"EntryPoint\",\"urlTemplate\":\"https:\/\/diferenciario.com\/br\/?s={search_term_string}\"},\"query-input\":\"required name=search_term_string\"}],\"inLanguage\":\"es\"},{\"@type\":\"Organization\",\"@id\":\"https:\/\/diferenciario.com\/br\/#organization\",\"name\":\"Diferenciario br\",\"url\":\"https:\/\/diferenciario.com\/br\/\",\"logo\":{\"@type\":\"ImageObject\",\"inLanguage\":\"es\",\"@id\":\"https:\/\/diferenciario.com\/br\/#\/schema\/logo\/image\/\",\"url\":\"https:\/\/diferenciario.com\/br\/wp-content\/uploads\/logo-diferenciario-brazil.webp\",\"contentUrl\":\"https:\/\/diferenciario.com\/br\/wp-content\/uploads\/logo-diferenciario-brazil.webp\",\"width\":225,\"height\":33,\"caption\":\"Diferenciario br\"},\"image\":{\"@id\":\"https:\/\/diferenciario.com\/br\/#\/schema\/logo\/image\/\"}},{\"@type\":\"Person\",\"@id\":\"https:\/\/diferenciario.com\/br\/#\/schema\/person\/56d044ad3bc3481dd45252b40b46ac75\",\"name\":\"javiervazquez_5mia2u1h\",\"image\":{\"@type\":\"ImageObject\",\"inLanguage\":\"es\",\"@id\":\"https:\/\/diferenciario.com\/br\/#\/schema\/person\/image\/\",\"url\":\"https:\/\/secure.gravatar.com\/avatar\/8826c6e0d313911ff94b887c5c66bafcf74cfe0a1f0c1fcd76cc1a5400186f2e?s=96&d=mm&r=g\",\"contentUrl\":\"https:\/\/secure.gravatar.com\/avatar\/8826c6e0d313911ff94b887c5c66bafcf74cfe0a1f0c1fcd76cc1a5400186f2e?s=96&d=mm&r=g\",\"caption\":\"javiervazquez_5mia2u1h\"},\"sameAs\":[\"https:\/\/diferenciario.com\/br\"]}]}<\/script>\n<!-- \/ Yoast SEO plugin. -->","yoast_head_json":{"title":"Diferen\u00e7a entre subjetivo e objetivo","description":"lll\u27a4 Principal diferen\u00e7a A perspectiva subjetiva ou informa\u00e7\u00e3o ou escrita \u00e9 a explica\u00e7\u00e3o detalhada de algo que cont\u00e9m mais do que fatos, por isso inclui","robots":{"index":"index","follow":"follow","max-snippet":"max-snippet:-1","max-image-preview":"max-image-preview:large","max-video-preview":"max-video-preview:-1"},"canonical":"https:\/\/diferenciario.com\/br\/subjetivo-e-objetivo\/","og_locale":"es_ES","og_type":"article","og_title":"Diferen\u00e7a entre subjetivo e objetivo","og_description":"lll\u27a4 Principal diferen\u00e7a A perspectiva subjetiva ou informa\u00e7\u00e3o ou escrita \u00e9 a explica\u00e7\u00e3o detalhada de algo que cont\u00e9m mais do que fatos, por isso inclui","og_url":"https:\/\/diferenciario.com\/br\/subjetivo-e-objetivo\/","og_site_name":"Diferenciario br","article_published_time":"2022-01-29T00:56:30+00:00","og_image":[{"url":"https:\/\/diferenciario.com\/br\/wp-content\/uploads\/subjetivo-e-objetivo.webp"}],"author":"javiervazquez_5mia2u1h","twitter_card":"summary_large_image","schema":{"@context":"https:\/\/schema.org","@graph":[{"@type":"Article","@id":"https:\/\/diferenciario.com\/br\/subjetivo-e-objetivo\/#article","isPartOf":{"@id":"https:\/\/diferenciario.com\/br\/subjetivo-e-objetivo\/"},"author":{"name":"javiervazquez_5mia2u1h","@id":"https:\/\/diferenciario.com\/br\/#\/schema\/person\/56d044ad3bc3481dd45252b40b46ac75"},"headline":"Diferen\u00e7a entre subjetivo e objetivo","datePublished":"2022-01-29T00:56:30+00:00","dateModified":"2022-01-29T00:56:30+00:00","mainEntityOfPage":{"@id":"https:\/\/diferenciario.com\/br\/subjetivo-e-objetivo\/"},"wordCount":861,"publisher":{"@id":"https:\/\/diferenciario.com\/br\/#organization"},"keywords":["Objetivo","Subjetivo"],"articleSection":["Palavras"],"inLanguage":"es"},{"@type":"WebPage","@id":"https:\/\/diferenciario.com\/br\/subjetivo-e-objetivo\/","url":"https:\/\/diferenciario.com\/br\/subjetivo-e-objetivo\/","name":"Diferen\u00e7a entre subjetivo e objetivo","isPartOf":{"@id":"https:\/\/diferenciario.com\/br\/#website"},"datePublished":"2022-01-29T00:56:30+00:00","dateModified":"2022-01-29T00:56:30+00:00","description":"lll\u27a4 Principal diferen\u00e7a A perspectiva subjetiva ou informa\u00e7\u00e3o ou escrita \u00e9 a explica\u00e7\u00e3o detalhada de algo que cont\u00e9m mais do que fatos, por isso inclui","breadcrumb":{"@id":"https:\/\/diferenciario.com\/br\/subjetivo-e-objetivo\/#breadcrumb"},"inLanguage":"es","potentialAction":[{"@type":"ReadAction","target":["https:\/\/diferenciario.com\/br\/subjetivo-e-objetivo\/"]}]},{"@type":"BreadcrumbList","@id":"https:\/\/diferenciario.com\/br\/subjetivo-e-objetivo\/#breadcrumb","itemListElement":[{"@type":"ListItem","position":1,"name":"Home","item":"https:\/\/diferenciario.com\/br\/"},{"@type":"ListItem","position":2,"name":"Diferen\u00e7a entre subjetivo e objetivo"}]},{"@type":"WebSite","@id":"https:\/\/diferenciario.com\/br\/#website","url":"https:\/\/diferenciario.com\/br\/","name":"Diferenciario br","description":"","publisher":{"@id":"https:\/\/diferenciario.com\/br\/#organization"},"potentialAction":[{"@type":"SearchAction","target":{"@type":"EntryPoint","urlTemplate":"https:\/\/diferenciario.com\/br\/?s={search_term_string}"},"query-input":"required name=search_term_string"}],"inLanguage":"es"},{"@type":"Organization","@id":"https:\/\/diferenciario.com\/br\/#organization","name":"Diferenciario br","url":"https:\/\/diferenciario.com\/br\/","logo":{"@type":"ImageObject","inLanguage":"es","@id":"https:\/\/diferenciario.com\/br\/#\/schema\/logo\/image\/","url":"https:\/\/diferenciario.com\/br\/wp-content\/uploads\/logo-diferenciario-brazil.webp","contentUrl":"https:\/\/diferenciario.com\/br\/wp-content\/uploads\/logo-diferenciario-brazil.webp","width":225,"height":33,"caption":"Diferenciario br"},"image":{"@id":"https:\/\/diferenciario.com\/br\/#\/schema\/logo\/image\/"}},{"@type":"Person","@id":"https:\/\/diferenciario.com\/br\/#\/schema\/person\/56d044ad3bc3481dd45252b40b46ac75","name":"javiervazquez_5mia2u1h","image":{"@type":"ImageObject","inLanguage":"es","@id":"https:\/\/diferenciario.com\/br\/#\/schema\/person\/image\/","url":"https:\/\/secure.gravatar.com\/avatar\/8826c6e0d313911ff94b887c5c66bafcf74cfe0a1f0c1fcd76cc1a5400186f2e?s=96&d=mm&r=g","contentUrl":"https:\/\/secure.gravatar.com\/avatar\/8826c6e0d313911ff94b887c5c66bafcf74cfe0a1f0c1fcd76cc1a5400186f2e?s=96&d=mm&r=g","caption":"javiervazquez_5mia2u1h"},"sameAs":["https:\/\/diferenciario.com\/br"]}]}},"_links":{"self":[{"href":"https:\/\/diferenciario.com\/br\/wp-json\/wp\/v2\/posts\/4649","targetHints":{"allow":["GET"]}}],"collection":[{"href":"https:\/\/diferenciario.com\/br\/wp-json\/wp\/v2\/posts"}],"about":[{"href":"https:\/\/diferenciario.com\/br\/wp-json\/wp\/v2\/types\/post"}],"author":[{"embeddable":true,"href":"https:\/\/diferenciario.com\/br\/wp-json\/wp\/v2\/users\/1"}],"replies":[{"embeddable":true,"href":"https:\/\/diferenciario.com\/br\/wp-json\/wp\/v2\/comments?post=4649"}],"version-history":[{"count":0,"href":"https:\/\/diferenciario.com\/br\/wp-json\/wp\/v2\/posts\/4649\/revisions"}],"wp:attachment":[{"href":"https:\/\/diferenciario.com\/br\/wp-json\/wp\/v2\/media?parent=4649"}],"wp:term":[{"taxonomy":"category","embeddable":true,"href":"https:\/\/diferenciario.com\/br\/wp-json\/wp\/v2\/categories?post=4649"},{"taxonomy":"post_tag","embeddable":true,"href":"https:\/\/diferenciario.com\/br\/wp-json\/wp\/v2\/tags?post=4649"}],"curies":[{"name":"wp","href":"https:\/\/api.w.org\/{rel}","templated":true}]}}